{"id":223,"date":"2018-06-08T00:00:00","date_gmt":"2018-06-07T22:00:00","guid":{"rendered":"http:\/\/semmelweis.hu\/mental\/733-diplomaoszto-2016-mental\/"},"modified":"2018-06-18T11:08:30","modified_gmt":"2018-06-18T09:08:30","slug":"diplomaoszto-2016-mental","status":"publish","type":"post","link":"https:\/\/semmelweis.hu\/mental\/2018\/06\/08\/diplomaoszto-2016-mental\/","title":{"rendered":"DIPLOMAOSZT\u00d3 \u00dcNNEPS\u00c9G &#8211; MENT\u00c1LHGI\u00c9N\u00c9S \u00c9S SZERVEZETFEJLESZT\u0150 SZAKIR\u00c1NY\u00da TOV\u00c1BBK\u00c9PZ\u00c9SI SZAK"},"content":{"rendered":"<p>A ment\u00e1lhigi\u00e9n\u00e9s \u00e9s szervezetfejleszt\u0151 szakir\u00e1ny\u00fa tov\u00e1bbk\u00e9pz\u00e9s v\u00e9gz\u0151s hallgat\u00f3i szeretettel megh\u00edvj\u00e1k<br \/>\noklev\u00e9l \u00e1tad\u00f3 \u00fcnneps\u00e9g\u00fckre.<br \/>\nHelysz\u00edn: PPKE J\u00c1K (Budapest, Szentkir\u00e1lyi u. 28.) E1 el\u0151ad\u00f3terem<br \/>\nId\u0151pont: 2016. j\u00falius 6. (szerda) 10:00 \u00f3ra<\/p>\n<p>Program<\/p>\n<p>\uf076 K\u00f6sz\u00f6nt\u0151 besz\u00e9dek<br \/>\n\uf076 Hallgat\u00f3i visszaeml\u00e9kez\u00e9sek<br \/>\n\uf076 Zenei meglepet\u00e9s<br \/>\n\uf076 Oklevelek kioszt\u00e1sa<br \/>\n\uf076 Himnusz<br \/>\n\uf076 Pezsg\u0151s koccint\u00e1s a v\u00e9gz\u0151s\u00f6kkel<\/p>\n<p>A megh\u00edv\u00f3 let\u00f6lthet\u0151 <a href=\"https:\/\/semmelweis.hu\/mental\/files\/2018\/06\/SE_EKK_MHI_Ment\u00e1lhig_diplomaoszt\u00f3_2016-07-06.doc\" target=\"_blank\" rel=\"noopener\">inn\u00e9t<\/a>.<\/p>\n","protected":false},"excerpt":{"rendered":"<p>A ment\u00e1lhigi\u00e9n\u00e9s \u00e9s szervezetfejleszt\u0151 szakir\u00e1ny\u00fa tov\u00e1bbk\u00e9pz\u00e9s v\u00e9gz\u0151s hallgat\u00f3i szeretettel megh\u00edvj\u00e1k<br \/>\noklev\u00e9l \u00e1tad\u00f3 \u00fcnneps\u00e9g\u00fckre.<br \/>\nHelysz\u00edn: PPKE J\u00c1K (Budapest, Szentkir\u00e1lyi u. 28.) E1 el\u0151ad\u00f3terem<br \/>\nId\u0151pont: 2016. j\u00falius 6. (szerda) 10:00 \u00f3ra<br \/>\nProgram<br \/>\n\uf076 K\u00f6sz\u00f6nt\u0151 besz\u00e9dek<br \/>\n\uf076 Hallgat\u00f3i visszaeml\u00e9kez\u00e9sek<br \/>\n\uf076 Zenei meglepet\u00e9s<br \/>\n\uf076 Oklevelek kioszt\u00e1sa<br \/>\n\uf076 Himnusz<br \/>\n\uf076 Pezsg\u0151s koccint\u00e1s a v\u00e9gz\u0151s\u00f6kkel<br \/>\nA megh\u00edv\u00f3 let\u00f6lthet\u0151 <a href=\"https:\/\/semmelweis.hu\/mental\/files\/2018\/06\/SE_EKK_MHI_Ment\u00e1lhig_diplomaoszt\u00f3_2016-07-06.doc\" target=\"_blank\" rel=\"noopener\">inn\u00e9t<\/a>.<\/p>\n","protected":false},"author":101265,"featured_media":429,"comment_status":"closed","ping_status":"closed","sticky":false,"template":"","format":"standard","meta":{"_acf_changed":false,"footnotes":""},"categories":[1],"tags":[],"class_list":["post-223","post","type-post","status-publish","format-standard","has-post-thumbnail","hentry","category-hirek"],"acf":[],"_links":{"self":[{"href":"https:\/\/semmelweis.hu\/mental\/wp-json\/wp\/v2\/posts\/223","targetHints":{"allow":["GET"]}}],"collection":[{"href":"https:\/\/semmelweis.hu\/mental\/wp-json\/wp\/v2\/posts"}],"about":[{"href":"https:\/\/semmelweis.hu\/mental\/wp-json\/wp\/v2\/types\/post"}],"author":[{"embeddable":true,"href":"https:\/\/semmelweis.hu\/mental\/wp-json\/wp\/v2\/users\/101265"}],"replies":[{"embeddable":true,"href":"https:\/\/semmelweis.hu\/mental\/wp-json\/wp\/v2\/comments?post=223"}],"version-history":[{"count":3,"href":"https:\/\/semmelweis.hu\/mental\/wp-json\/wp\/v2\/posts\/223\/revisions"}],"predecessor-version":[{"id":2051,"href":"https:\/\/semmelweis.hu\/mental\/wp-json\/wp\/v2\/posts\/223\/revisions\/2051"}],"wp:featuredmedia":[{"embeddable":true,"href":"https:\/\/semmelweis.hu\/mental\/wp-json\/wp\/v2\/media\/429"}],"wp:attachment":[{"href":"https:\/\/semmelweis.hu\/mental\/wp-json\/wp\/v2\/media?parent=223"}],"wp:term":[{"taxonomy":"category","embeddable":true,"href":"https:\/\/semmelweis.hu\/mental\/wp-json\/wp\/v2\/categories?post=223"},{"taxonomy":"post_tag","embeddable":true,"href":"https:\/\/semmelweis.hu\/mental\/wp-json\/wp\/v2\/tags?post=223"}],"curies":[{"name":"wp","href":"https:\/\/api.w.org\/{rel}","templated":true}]}}