{"id":222,"date":"2018-06-08T00:00:00","date_gmt":"2018-06-07T22:00:00","guid":{"rendered":"http:\/\/semmelweis.hu\/mental\/730-kerekasztal-beszelgetes-a-gyaszrol\/"},"modified":"2018-06-18T11:25:55","modified_gmt":"2018-06-18T09:25:55","slug":"kerekasztal-beszelgetes-a-gyaszrol","status":"publish","type":"post","link":"https:\/\/semmelweis.hu\/mental\/2018\/06\/08\/kerekasztal-beszelgetes-a-gyaszrol\/","title":{"rendered":"KEREKASZTAL-BESZ\u00c9LGET\u00c9S A GY\u00c1SZR\u00d3L"},"content":{"rendered":"<p>A gy\u00e1szr\u00f3l \u00e9s a gy\u00e1szfeldolgoz\u00e1sr\u00f3l sz\u00f3l\u00f3 t\u00e1j\u00e9koztat\u00f3 kerekasztal-besz\u00e9lget\u00e9sre szeretettel h\u00edvunk mindenkit az els\u0151 magyarorsz\u00e1gi Gy\u00e1szfeldolgoz\u00e1s M\u00f3dszer\u00ae Specialista K\u00e9pz\u00e9s (Grief Recovery Method Specialist\u00ae) kapcs\u00e1n 2016. j\u00fanius 14-\u00e9n, kedden 9.30-t\u00f3l 10.30-ig a Semmelweis Egyetem Nagyv\u00e1rad t\u00e9r 4. sz\u00e1m alatti \u00e9p\u00fclet\u00e9ben, a Johan B\u00e9la teremben (NET XXI. emelet).<\/p>\n<p>A kerekasztal r\u00e9sztvev\u0151i:<br \/>\nDr. Harmatta J\u00e1nos \u2013 Az OORI T\u00fcnd\u00e9rhegy Pszichoszomatikus \u00e9s Pszichoter\u00e1pi\u00e1s Rehabilit\u00e1ci\u00f3s Oszt\u00e1ly oszt\u00e1lyvezet\u0151 f\u0151orvosa, pszichi\u00e1ter, pszichoterapeuta, pszichi\u00e1triai rehabilit\u00e1ci\u00f3s szakorvos, neurol\u00f3gus szakorvos, az orvostudom\u00e1ny kandid\u00e1tusa, a Semmelweis Egyetem Ment\u00e1lhigi\u00e9n\u00e9 Int\u00e9zet\u00e9nek tudom\u00e1nyos tan\u00e1csad\u00f3ja, a Pszichoter\u00e1pi\u00e1s Tan\u00e1cs Sz\u00f6vets\u00e9g eln\u00f6ke, a Magyar Pszichi\u00e1triai T\u00e1rsas\u00e1g tiszteletbeli eln\u00f6ke (a gy\u00e1szr\u00f3l \u00e9s a pszichoter\u00e1pi\u00e1s vonatkoz\u00e1sokr\u00f3l besz\u00e9l)<\/p>\n<p>Dr. habil. Heged\u0171s Katalin \u2013 ment\u00e1lhigi\u00e9n\u00e9s szakember, hospice- \u00e9s gy\u00e1sztan\u00e1csad\u00f3, A Semmelweis Egyetem Magatart\u00e1studom\u00e1nyi Int\u00e9zet\u00e9nek egyetemi docense \u00e9s oktat\u00e1si igazgat\u00f3helyettese, a Magyar Hospice &#8211; Palliat\u00edv Egyes\u00fclet volt eln\u00f6ke (a hospice magyarorsz\u00e1gi t\u00f6rt\u00e9net\u00e9r\u0151l \u00e9s a gy\u00e1sztan\u00e1csad\u00f3i tev\u00e9kenys\u00e9gr\u0151l besz\u00e9l)<\/p>\n<p>Russell Friedman \u2013 A Grief Recovery Institute \u00fcgyvezet\u0151 igazgat\u00f3ja, a The Grief Recovery Handbook, a When Children Grieve \u00e9s m\u00e1s nagy siker\u0171 k\u00f6nyvek t\u00e1rsszerz\u0151je (a Gy\u00e1szfeldolgoz\u00e1s M\u00f3dszerr\u0151l\u00ae (Grief Recovery Method\u00ae), valamint a Gy\u00e1szfeldolgoz\u00e1s M\u00f3dszer\u00ae Specialista K\u00e9pz\u00e9sr\u0151l besz\u00e9l)<\/p>\n<p>Dr. T\u00f6r\u00f6k Szabolcs &#8211; csal\u00e1dterapeuta, pszichoterapeuta szakorvos, ment\u00e1lhigi\u00e9n\u00e9s szakember, a Semmelweis Egyetem Ment\u00e1lhigi\u00e9n\u00e9 Int\u00e9zet\u00e9nek egyetemi docense, \u00e1ltal\u00e1nos igazgat\u00f3helyettese (a ment\u00e1lhigi\u00e9n\u00e9 \u00e9s a prevenci\u00f3 fontoss\u00e1g\u00e1r\u00f3l, valamint az ezen ter\u00fcleteken tev\u00e9kenyked\u0151 seg\u00edt\u0151 szakemberek szerep\u00e9r\u0151l besz\u00e9l)<\/p>\n<p>Moder\u00e1tor: Dr. Sarungi Em\u0151ke &#8211; feln\u0151tt- \u00e9s gyermekpszichi\u00e1ter, csoportanalitikus pszichoterapeuta, gy\u00e1szfeldolgoz\u00e1s specialista, a Szegedi Tudom\u00e1nyegyetem Pszichol\u00f3giai Int\u00e9zet\u00e9nek c\u00edmzetes egyetemi docense (a Gy\u00f3gyul\u00e1s a Gy\u00e1szb\u00f3l Magyar K\u00f6zpontr\u00f3l, az alap\u00edtv\u00e1nyr\u00f3l \u00e9s a tervekr\u0151l besz\u00e9l)<\/p>\n<p>A Gy\u00e1szfeldolgoz\u00e1s M\u00f3dszer\u00ae (Grief Recovery Method\u00ae) a John W. James \u00e9s Russell Friedman \u00e1ltal alap\u00edtott \u00e9s vezetett Grief Recovery Institute-b\u00f3l indult \u00fatj\u00e1ra az Egyes\u00fclt \u00c1llamokban a hetvenes \u00e9vekben. Az\u00f3ta t\u00f6bb orsz\u00e1gban is l\u00e9trej\u00f6ttek \u00e9s m\u0171k\u00f6dnek a m\u00f3dszert alkalmaz\u00f3 \u00e9s gy\u00e1szfeldolgoz\u00e1s specialist\u00e1kat k\u00e9pz\u0151 k\u00f6zpontok. Magyarorsz\u00e1gon 2009-t\u0151l folyik a m\u00f3dszer \u00e1tad\u00e1sa a Gy\u00f3gyul\u00e1s a Gy\u00e1szb\u00f3l Magyar K\u00f6zpontban csoportosan \u00e9s egy\u00e9nileg, a gy\u00e1szol\u00f3k \u00e9s sokf\u00e9le \u00e9rzelmi vesztes\u00e9get \u00e1t\u00e9lt emberek megseg\u00edt\u00e9s\u00e9re. Az eddigi t\u00f6bb sz\u00e1z r\u00e9sztvev\u0151 visszajelz\u00e9sei, \u00e9s a K\u00f6zpont folyamatban l\u00e9v\u0151 kutat\u00e1s\u00e1nak eddigi eredm\u00e9nyei alapj\u00e1n az \u00f6nseg\u00edt\u0151 m\u00f3dszer hat\u00e9kony lehet a hal\u00e1leseti gy\u00e1sz \u00e9s sokf\u00e9le \u00e9rzelmi vesztes\u00e9g feldolgoz\u00e1s\u00e1ban, valamint a feldolgozatlan gy\u00e1sz okozta testi \u00e9s lelki eg\u00e9szs\u00e9gk\u00e1rosod\u00e1sok megel\u0151z\u00e9s\u00e9ben.<\/p>\n<p>A Gy\u00e1szfeldolgoz\u00e1s M\u00f3dszer\u00ae Magyarorsz\u00e1gon val\u00f3 elterjed\u00e9s\u00e9nek \u00e9s honos\u00edt\u00e1s\u00e1nak egyik fontos l\u00e9p\u00e9se az els\u0151 angol nyelv\u0171 Gy\u00e1szfeldolgoz\u00e1s M\u00f3dszer\u00ae Specialista K\u00e9pz\u00e9s, amely Russell Friedman vezet\u00e9s\u00e9vel 2016. j\u00fanius 15. \u00e9s 18. k\u00f6z\u00f6tt ker\u00fcl megrendez\u00e9sre Budapesten. Ennek kapcs\u00e1n a t\u00e1j\u00e9koztat\u00f3 kerekasztal besz\u00e9lget\u00e9sen a gy\u00e1szr\u00f3l, a Gy\u00e1szfeldolgoz\u00e1s M\u00f3dszerr\u0151l\u00ae, a gy\u00e1sz- \u00e9s vesztes\u00e9g feldolgoz\u00e1s\u00e1nak lehet\u0151s\u00e9geir\u0151l, a prevenci\u00f3 \u00e9s az eg\u00e9szs\u00e9gmeg\u0151rz\u00e9s megk\u00f6zel\u00edt\u00e9seir\u0151l fognak besz\u00e9lgetni a r\u00e9sztvev\u0151 szakemberek.<br \/>\n2015. j\u00fanius 20-\u00e1n jegyezt\u00e9k be a Gy\u00f3gyul\u00e1s a Gy\u00e1szb\u00f3l Alap\u00edtv\u00e1nyt, amelynek c\u00e9lkit\u0171z\u00e9se m\u00e1s eg\u00e9szs\u00e9gmeg\u0151rz\u0151 szeml\u00e9let\u0171 tev\u00e9kenys\u00e9gek mellett els\u0151sorban a Gy\u00e1szfeldolgoz\u00e1s M\u00f3dszer\u00ae min\u00e9l sz\u00e9lesebb k\u00f6rben t\u00f6rt\u00e9n\u0151 elterjeszt\u00e9se Magyarorsz\u00e1gon. A kurat\u00f3rium eln\u00f6ke Osv\u00e1th Viola, kurat\u00f3riumi tagok: Czabarka Zsuzsanna \u00e9s Dr. Sarungi Em\u0151ke.<\/p>\n<p>A r\u00e9szv\u00e9tel INGYENES, de regisztr\u00e1ci\u00f3hoz k\u00f6t\u00f6tt. A regisztr\u00e1ci\u00f3kat a <a href=\"mailto:gyogyulasalapitvany@gmail.com\">gyogyulasalapitvany@gmail.com<\/a> e-mail c\u00edmre v\u00e1rjuk 2016. j\u00fanius 11-ig.<\/p>\n<p>Tov\u00e1bbi inform\u00e1ci\u00f3:<br \/>\n<a href=\"http:\/\/www.gyogyulasagyaszbol.hu\" rel=\"noopener\" target=\"_blank\">www.gyogyulasagyaszbol.hu<\/a><br \/>\n<a href=\"http:\/\/www.griefrecoverymethod.com\" rel=\"noopener\" target=\"_blank\">www.griefrecoverymethod.com<\/a><\/p>\n","protected":false},"excerpt":{"rendered":"<p>A gy\u00e1szr\u00f3l \u00e9s a gy\u00e1szfeldolgoz\u00e1sr\u00f3l sz\u00f3l\u00f3 t\u00e1j\u00e9koztat\u00f3 kerekasztal-besz\u00e9lget\u00e9sre szeretettel h\u00edvunk mindenkit az els\u0151 magyarorsz\u00e1gi Gy\u00e1szfeldolgoz\u00e1s M\u00f3dszer\u00ae Specialista K\u00e9pz\u00e9s (Grief Recovery Method Specialist\u00ae) kapcs\u00e1n 2016. j\u00fanius 14-\u00e9n, kedden 9.30-t\u00f3l 10.30-ig a Semmelweis Egyetem Nagyv\u00e1rad t\u00e9r 4. sz\u00e1m alatti \u00e9p\u00fclet\u00e9ben, a Johan B\u00e9la teremben (NET XXI. emelet). A kerekasztal r\u00e9sztvev\u0151i: Dr. Harmatta J\u00e1nos \u2013 Az OORI T\u00fcnd\u00e9rhegy &hellip;<\/p>\n","protected":false},"author":101265,"featured_media":463,"comment_status":"closed","ping_status":"closed","sticky":false,"template":"","format":"standard","meta":{"_acf_changed":false,"footnotes":""},"categories":[1],"tags":[],"class_list":["post-222","post","type-post","status-publish","format-standard","has-post-thumbnail","hentry","category-hirek"],"acf":[],"_links":{"self":[{"href":"https:\/\/semmelweis.hu\/mental\/wp-json\/wp\/v2\/posts\/222","targetHints":{"allow":["GET"]}}],"collection":[{"href":"https:\/\/semmelweis.hu\/mental\/wp-json\/wp\/v2\/posts"}],"about":[{"href":"https:\/\/semmelweis.hu\/mental\/wp-json\/wp\/v2\/types\/post"}],"author":[{"embeddable":true,"href":"https:\/\/semmelweis.hu\/mental\/wp-json\/wp\/v2\/users\/101265"}],"replies":[{"embeddable":true,"href":"https:\/\/semmelweis.hu\/mental\/wp-json\/wp\/v2\/comments?post=222"}],"version-history":[{"count":4,"href":"https:\/\/semmelweis.hu\/mental\/wp-json\/wp\/v2\/posts\/222\/revisions"}],"predecessor-version":[{"id":2065,"href":"https:\/\/semmelweis.hu\/mental\/wp-json\/wp\/v2\/posts\/222\/revisions\/2065"}],"wp:featuredmedia":[{"embeddable":true,"href":"https:\/\/semmelweis.hu\/mental\/wp-json\/wp\/v2\/media\/463"}],"wp:attachment":[{"href":"https:\/\/semmelweis.hu\/mental\/wp-json\/wp\/v2\/media?parent=222"}],"wp:term":[{"taxonomy":"category","embeddable":true,"href":"https:\/\/semmelweis.hu\/mental\/wp-json\/wp\/v2\/categories?post=222"},{"taxonomy":"post_tag","embeddable":true,"href":"https:\/\/semmelweis.hu\/mental\/wp-json\/wp\/v2\/tags?post=222"}],"curies":[{"name":"wp","href":"https:\/\/api.w.org\/{rel}","templated":true}]}}