{"id":221,"date":"2018-06-08T00:00:00","date_gmt":"2018-06-07T22:00:00","guid":{"rendered":"http:\/\/semmelweis.hu\/mental\/731-east-workshop-absztraktok\/"},"modified":"2018-06-18T11:22:36","modified_gmt":"2018-06-18T09:22:36","slug":"east-workshop-absztraktok","status":"publish","type":"post","link":"https:\/\/semmelweis.hu\/mental\/2018\/06\/08\/east-workshop-absztraktok\/","title":{"rendered":"EAST WORKSHOP: ABSZTRAKTOK"},"content":{"rendered":"<p><a href=\"https:\/\/semmelweis.hu\/mental\/files\/2018\/06\/EAST_Workshop_01.jpg\"><img loading=\"lazy\" decoding=\"async\" class=\" wp-image-436 alignleft\" src=\"https:\/\/semmelweis.hu\/mental\/files\/2018\/06\/EAST_Workshop_01-300x85.jpg\" alt=\"\" width=\"381\" height=\"108\" srcset=\"https:\/\/semmelweis.hu\/mental\/files\/2018\/06\/EAST_Workshop_01-300x85.jpg 300w, https:\/\/semmelweis.hu\/mental\/files\/2018\/06\/EAST_Workshop_01-768x218.jpg 768w, https:\/\/semmelweis.hu\/mental\/files\/2018\/06\/EAST_Workshop_01-1024x291.jpg 1024w, https:\/\/semmelweis.hu\/mental\/files\/2018\/06\/EAST_Workshop_01-753x214.jpg 753w\" sizes=\"auto, (max-width: 381px) 100vw, 381px\" \/><\/a>Sikerrel lezajlott az University of Oxford, a CEU \u00e9s a Ment\u00e1lhigi\u00e9n\u00e9 Int\u00e9zet \u00e1ltal az \u00f6reged\u00e9s t\u00e9m\u00e1j\u00e1ban k\u00f6z\u00f6sen szervezett, &#8222;Long term care, spatial planning and public policy in Central and Eastern Europe&#8221; c\u00edm\u0171 k\u00e9tnapos workshop. Az absztraktgy\u0171jtem\u00e9ny let\u00f6lthet\u0151 <a href=\"https:\/\/semmelweis.hu\/mental\/files\/2018\/06\/EAST-Workshop-Abstracts-Booklet.pdf\" target=\"_blank\" rel=\"noopener\">innen<\/a>.<\/p>\n","protected":false},"excerpt":{"rendered":"<p><a href=\"https:\/\/semmelweis.hu\/mental\/files\/2018\/06\/EAST_Workshop_01.jpg\"><\/a>Sikerrel lezajlott az University of Oxford, a CEU \u00e9s a Ment\u00e1lhigi\u00e9n\u00e9 Int\u00e9zet \u00e1ltal az \u00f6reged\u00e9s t\u00e9m\u00e1j\u00e1ban k\u00f6z\u00f6sen szervezett, &#8222;Long term care, spatial planning and public policy in Central and Eastern Europe&#8221; c\u00edm\u0171 k\u00e9tnapos workshop. Az absztraktgy\u0171jtem\u00e9ny let\u00f6lthet\u0151 <a href=\"https:\/\/semmelweis.hu\/mental\/files\/2018\/06\/EAST-Workshop-Abstracts-Booklet.pdf\" target=\"_blank\" rel=\"noopener\">innen<\/a>.<\/p>\n","protected":false},"author":101265,"featured_media":436,"comment_status":"closed","ping_status":"closed","sticky":false,"template":"","format":"standard","meta":{"_acf_changed":false,"footnotes":""},"categories":[1],"tags":[],"class_list":["post-221","post","type-post","status-publish","format-standard","has-post-thumbnail","hentry","category-hirek"],"acf":[],"_links":{"self":[{"href":"https:\/\/semmelweis.hu\/mental\/wp-json\/wp\/v2\/posts\/221","targetHints":{"allow":["GET"]}}],"collection":[{"href":"https:\/\/semmelweis.hu\/mental\/wp-json\/wp\/v2\/posts"}],"about":[{"href":"https:\/\/semmelweis.hu\/mental\/wp-json\/wp\/v2\/types\/post"}],"author":[{"embeddable":true,"href":"https:\/\/semmelweis.hu\/mental\/wp-json\/wp\/v2\/users\/101265"}],"replies":[{"embeddable":true,"href":"https:\/\/semmelweis.hu\/mental\/wp-json\/wp\/v2\/comments?post=221"}],"version-history":[{"count":4,"href":"https:\/\/semmelweis.hu\/mental\/wp-json\/wp\/v2\/posts\/221\/revisions"}],"predecessor-version":[{"id":2062,"href":"https:\/\/semmelweis.hu\/mental\/wp-json\/wp\/v2\/posts\/221\/revisions\/2062"}],"wp:featuredmedia":[{"embeddable":true,"href":"https:\/\/semmelweis.hu\/mental\/wp-json\/wp\/v2\/media\/436"}],"wp:attachment":[{"href":"https:\/\/semmelweis.hu\/mental\/wp-json\/wp\/v2\/media?parent=221"}],"wp:term":[{"taxonomy":"category","embeddable":true,"href":"https:\/\/semmelweis.hu\/mental\/wp-json\/wp\/v2\/categories?post=221"},{"taxonomy":"post_tag","embeddable":true,"href":"https:\/\/semmelweis.hu\/mental\/wp-json\/wp\/v2\/tags?post=221"}],"curies":[{"name":"wp","href":"https:\/\/api.w.org\/{rel}","templated":true}]}}