{"id":220,"date":"2018-06-08T00:00:00","date_gmt":"2018-06-07T22:00:00","guid":{"rendered":"http:\/\/semmelweis.hu\/mental\/727-letkerdesek-a-szuletes-korul\/"},"modified":"2018-06-18T11:18:56","modified_gmt":"2018-06-18T09:18:56","slug":"letkerdesek-a-szuletes-korul","status":"publish","type":"post","link":"https:\/\/semmelweis.hu\/mental\/2018\/06\/08\/letkerdesek-a-szuletes-korul\/","title":{"rendered":"L\u00c9TK\u00c9RD\u00c9SEK A SZ\u00dcLET\u00c9S K\u00d6R\u00dcL"},"content":{"rendered":"<p>Megjelent a <em>L\u00e9tk\u00e9rd\u00e9sek a sz\u00fclet\u00e9s k\u00f6r\u00fcl. T\u00e1rsadalomtudom\u00e1nyi vizsg\u00e1latok a sz\u00fcl\u00e9s \u00e9s sz\u00fclet\u00e9s t\u00e9mak\u00f6r\u00e9ben<\/em> c\u00edm\u0171 k\u00f6tet. Bemutat\u00f3 id\u0151pontja: <strong><span style=\"color: #ff0000;\">2016. j\u00fanius 22.<\/span><\/strong> 17h.<br \/>\nHelysz\u00edn: PPKE BTK T\u00e1rogat\u00f3 \u00fati \u00e9p\u00fclete (1021 Budapest, T\u00e1rogat\u00f3 u. 2-4., 122-es terem).<\/p>\n<p>A k\u00f6tetet bemutatja dr. De\u00e1ky Zita n\u00e9prajzkutat\u00f3 \u00e9s Moln\u00e1r Judit Eszter klinikai szakpszichol\u00f3gus, jungi analitikus.<\/p>\n","protected":false},"excerpt":{"rendered":"<p>Megjelent a L\u00e9tk\u00e9rd\u00e9sek a sz\u00fclet\u00e9s k\u00f6r\u00fcl. T\u00e1rsadalomtudom\u00e1nyi vizsg\u00e1latok a sz\u00fcl\u00e9s \u00e9s sz\u00fclet\u00e9s t\u00e9mak\u00f6r\u00e9ben c\u00edm\u0171 k\u00f6tet. Bemutat\u00f3 id\u0151pontja: 2016. j\u00fanius 22. 17h.<br \/>\nHelysz\u00edn: PPKE BTK T\u00e1rogat\u00f3 \u00fati \u00e9p\u00fclete (1021 Budapest, T\u00e1rogat\u00f3 u. 2-4., 122-es terem).<br \/>\nA k\u00f6tetet bemutatja dr. De\u00e1ky Zita n\u00e9prajzkutat\u00f3 \u00e9s Moln\u00e1r Judit Eszter klinikai szakpszichol\u00f3gus, jungi analitikus.<\/p>\n","protected":false},"author":101265,"featured_media":514,"comment_status":"closed","ping_status":"closed","sticky":false,"template":"","format":"standard","meta":{"_acf_changed":false,"footnotes":""},"categories":[1],"tags":[],"class_list":["post-220","post","type-post","status-publish","format-standard","has-post-thumbnail","hentry","category-hirek"],"acf":[],"_links":{"self":[{"href":"https:\/\/semmelweis.hu\/mental\/wp-json\/wp\/v2\/posts\/220","targetHints":{"allow":["GET"]}}],"collection":[{"href":"https:\/\/semmelweis.hu\/mental\/wp-json\/wp\/v2\/posts"}],"about":[{"href":"https:\/\/semmelweis.hu\/mental\/wp-json\/wp\/v2\/types\/post"}],"author":[{"embeddable":true,"href":"https:\/\/semmelweis.hu\/mental\/wp-json\/wp\/v2\/users\/101265"}],"replies":[{"embeddable":true,"href":"https:\/\/semmelweis.hu\/mental\/wp-json\/wp\/v2\/comments?post=220"}],"version-history":[{"count":2,"href":"https:\/\/semmelweis.hu\/mental\/wp-json\/wp\/v2\/posts\/220\/revisions"}],"predecessor-version":[{"id":2058,"href":"https:\/\/semmelweis.hu\/mental\/wp-json\/wp\/v2\/posts\/220\/revisions\/2058"}],"wp:featuredmedia":[{"embeddable":true,"href":"https:\/\/semmelweis.hu\/mental\/wp-json\/wp\/v2\/media\/514"}],"wp:attachment":[{"href":"https:\/\/semmelweis.hu\/mental\/wp-json\/wp\/v2\/media?parent=220"}],"wp:term":[{"taxonomy":"category","embeddable":true,"href":"https:\/\/semmelweis.hu\/mental\/wp-json\/wp\/v2\/categories?post=220"},{"taxonomy":"post_tag","embeddable":true,"href":"https:\/\/semmelweis.hu\/mental\/wp-json\/wp\/v2\/tags?post=220"}],"curies":[{"name":"wp","href":"https:\/\/api.w.org\/{rel}","templated":true}]}}