{"id":218,"date":"2018-06-08T00:00:00","date_gmt":"2018-06-07T22:00:00","guid":{"rendered":"http:\/\/semmelweis.hu\/mental\/735-diplomaatadok-2016-ban\/"},"modified":"2018-06-18T11:14:18","modified_gmt":"2018-06-18T09:14:18","slug":"diplomaatadok-2016-ban","status":"publish","type":"post","link":"https:\/\/semmelweis.hu\/mental\/2018\/06\/08\/diplomaatadok-2016-ban\/","title":{"rendered":"DIPLOMA\u00c1TAD\u00d3K 2016-BAN"},"content":{"rendered":"<p>A Semmelweis H\u00edrek besz\u00e1molt az egyetemi diplomaoszt\u00f3 \u00fcnneps\u00e9gekr\u0151l, k\u00f6zt\u00fck Int\u00e9zet\u00fcnk h\u00e1rom diploma\u00e1tad\u00f3 \u00fcnneps\u00e9g\u00e9r\u0151l is.<br \/>\nA tud\u00f3s\u00edt\u00e1sok \u00e9s f\u00e9nyk\u00e9pek az al\u00e1bbi linkeken \u00e9rhet\u0151k el:<\/p>\n<p><a href=\"https:\/\/semmelweis.hu\/hirek\/2016\/07\/15\/diplomaatadok-a-semmelweis-egyetemen\/\" rel=\"noopener\" target=\"_blank\">https:\/\/semmelweis.hu\/hirek\/2016\/07\/15\/diplomaatadok-a-semmelweis-egyetemen\/<\/a><\/p>\n<p><a href=\"https:\/\/semmelweis.hu\/hirek\/2016\/06\/28\/diplomaatado-az-egeszsegugyi-kozszolgalati-kar-szocialis-munka-mesterkepzesen\/\" rel=\"noopener\" target=\"_blank\">https:\/\/semmelweis.hu\/hirek\/2016\/06\/28\/diplomaatado-az-egeszsegugyi-kozszolgalati-kar-szocialis-munka-mesterkepzesen\/<\/a><\/p>\n<p><a href=\"https:\/\/semmelweis.hu\/hirek\/2016\/07\/04\/lediplomaztak-az-elso-szulo-csecsemo-konzultansok\/\" rel=\"noopener\" target=\"_blank\">https:\/\/semmelweis.hu\/hirek\/2016\/07\/04\/lediplomaztak-az-elso-szulo-csecsemo-konzultansok\/<\/a><\/p>\n<p><a href=\"https:\/\/semmelweis.hu\/hirek\/2016\/07\/08\/jobba-akarjuk-tenni-a-vilagot-91-mentalhigienes-es-szervezetfejleszto-szakember-kapott-oklevelet\/\" rel=\"noopener\" target=\"_blank\">https:\/\/semmelweis.hu\/hirek\/2016\/07\/08\/jobba-akarjuk-tenni-a-vilagot-91-mentalhigienes-es-szervezetfejleszto-szakember-kapott-oklevelet\/<\/a><\/p>\n","protected":false},"excerpt":{"rendered":"<p>A Semmelweis H\u00edrek besz\u00e1molt az egyetemi diplomaoszt\u00f3 \u00fcnneps\u00e9gekr\u0151l, k\u00f6zt\u00fck Int\u00e9zet\u00fcnk h\u00e1rom diploma\u00e1tad\u00f3 \u00fcnneps\u00e9g\u00e9r\u0151l is.<br \/>\nA tud\u00f3s\u00edt\u00e1sok \u00e9s f\u00e9nyk\u00e9pek az al\u00e1bbi linkeken \u00e9rhet\u0151k el:<br \/>\n<a href=\"https:\/\/semmelweis.hu\/hirek\/2016\/07\/15\/diplomaatadok-a-semmelweis-egyetemen\/\" rel=\"noopener\" target=\"_blank\">https:\/\/semmelweis.hu\/hirek\/2016\/07\/15\/diplomaatadok-a-semmelweis-egyetemen\/<\/a><br \/>\n<a href=\"https:\/\/semmelweis.hu\/hirek\/2016\/06\/28\/diplomaatado-az-egeszsegugyi-kozszolgalati-kar-szocialis-munka-mesterkepzesen\/\" rel=\"noopener\" target=\"_blank\">https:\/\/semmelweis.hu\/hirek\/2016\/06\/28\/diplomaatado-az-egeszsegugyi-kozszolgalati-kar-szocialis-munka-mesterkepzesen\/<\/a><br \/>\n<a href=\"https:\/\/semmelweis.hu\/hirek\/2016\/07\/04\/lediplomaztak-az-elso-szulo-csecsemo-konzultansok\/\" rel=\"noopener\" target=\"_blank\">https:\/\/semmelweis.hu\/hirek\/2016\/07\/04\/lediplomaztak-az-elso-szulo-csecsemo-konzultansok\/<\/a><br \/>\n<a href=\"https:\/\/semmelweis.hu\/hirek\/2016\/07\/08\/jobba-akarjuk-tenni-a-vilagot-91-mentalhigienes-es-szervezetfejleszto-szakember-kapott-oklevelet\/\" rel=\"noopener\" target=\"_blank\">https:\/\/semmelweis.hu\/hirek\/2016\/07\/08\/jobba-akarjuk-tenni-a-vilagot-91-mentalhigienes-es-szervezetfejleszto-szakember-kapott-oklevelet\/<\/a><\/p>\n","protected":false},"author":101265,"featured_media":588,"comment_status":"closed","ping_status":"closed","sticky":false,"template":"","format":"standard","meta":{"_acf_changed":false,"footnotes":""},"categories":[1],"tags":[],"class_list":["post-218","post","type-post","status-publish","format-standard","has-post-thumbnail","hentry","category-hirek"],"acf":[],"_links":{"self":[{"href":"https:\/\/semmelweis.hu\/mental\/wp-json\/wp\/v2\/posts\/218","targetHints":{"allow":["GET"]}}],"collection":[{"href":"https:\/\/semmelweis.hu\/mental\/wp-json\/wp\/v2\/posts"}],"about":[{"href":"https:\/\/semmelweis.hu\/mental\/wp-json\/wp\/v2\/types\/post"}],"author":[{"embeddable":true,"href":"https:\/\/semmelweis.hu\/mental\/wp-json\/wp\/v2\/users\/101265"}],"replies":[{"embeddable":true,"href":"https:\/\/semmelweis.hu\/mental\/wp-json\/wp\/v2\/comments?post=218"}],"version-history":[{"count":4,"href":"https:\/\/semmelweis.hu\/mental\/wp-json\/wp\/v2\/posts\/218\/revisions"}],"predecessor-version":[{"id":2055,"href":"https:\/\/semmelweis.hu\/mental\/wp-json\/wp\/v2\/posts\/218\/revisions\/2055"}],"wp:featuredmedia":[{"embeddable":true,"href":"https:\/\/semmelweis.hu\/mental\/wp-json\/wp\/v2\/media\/588"}],"wp:attachment":[{"href":"https:\/\/semmelweis.hu\/mental\/wp-json\/wp\/v2\/media?parent=218"}],"wp:term":[{"taxonomy":"category","embeddable":true,"href":"https:\/\/semmelweis.hu\/mental\/wp-json\/wp\/v2\/categories?post=218"},{"taxonomy":"post_tag","embeddable":true,"href":"https:\/\/semmelweis.hu\/mental\/wp-json\/wp\/v2\/tags?post=218"}],"curies":[{"name":"wp","href":"https:\/\/api.w.org\/{rel}","templated":true}]}}