{"id":217,"date":"2018-06-08T00:00:00","date_gmt":"2018-06-07T22:00:00","guid":{"rendered":"http:\/\/semmelweis.hu\/mental\/751-tudomanyos-kave-kutatas-a-magtudon\/"},"modified":"2018-06-18T11:10:05","modified_gmt":"2018-06-18T09:10:05","slug":"tudomanyos-kave-kutatas-a-magtudon","status":"publish","type":"post","link":"https:\/\/semmelweis.hu\/mental\/2018\/06\/08\/tudomanyos-kave-kutatas-a-magtudon\/","title":{"rendered":"TUDOM\u00c1NYOS K\u00c1V\u00c9 &#8211; AZ ALV\u00c1S ALANYA \u00c9S \u00c1LL\u00cdTM\u00c1NYA"},"content":{"rendered":"<p>A Tudom\u00e1nyos K\u00e1v\u00e9 k\u00f6vetkez\u0151 alkalm\u00e1ra <strong><span style=\"color: #ff0000;\">2<\/span><span style=\"color: #ff0000;\">016. okt\u00f3ber 5.<\/span><\/strong> (szerd\u00e1n) 8:30-10:00. ker\u00fcl sor. Helysz\u00edn: NET Fszt 81.<\/p>\n<p>B\u00f3dizs R\u00f3bert (SE Magatart\u00e1s Tudom\u00e1nyi Int\u00e9zet kutat\u00e1si igazgat\u00f3ja)\u00a0el\u0151ad\u00e1s\u00e1nak c\u00edme:\u00a0Az alv\u00e1s alanya \u00e9s \u00e1ll\u00edtm\u00e1nya<\/p>\n<p>El\u0151ad\u00e1sa a modern alv\u00e1skutat\u00e1s szempontj\u00e1b\u00f3l kritikusan elemzi az alv\u00e1s alany\u00e1nak a problematik\u00e1j\u00e1t, vagyis arra a k\u00e9rd\u00e9sre keresi a v\u00e1laszt, hogy ki is alszik val\u00f3j\u00e1ban? Az ember (teste, lelke, szelleme)? Az agy? Az idegsejtek (csoportjai)? Mit tudunk meg az alv\u00e1sr\u00f3l ennek a k\u00e9rd\u00e9snek a behat\u00f3 elemz\u00e9se r\u00e9v\u00e9n? Mit jelent az alv\u00e1s, mint fogalom? \u00c9s v\u00e9g\u00fcl, de nem utols\u00f3 sorban: Mit tudunk meg az alv\u00f3r\u00f3l mag\u00e1r\u00f3l, b\u00e1rki vagy b\u00e1rmi legyen is az?<\/p>\n","protected":false},"excerpt":{"rendered":"<p>A Tudom\u00e1nyos K\u00e1v\u00e9 k\u00f6vetkez\u0151 alkalm\u00e1ra 2016. okt\u00f3ber 5. (szerd\u00e1n) 8:30-10:00. ker\u00fcl sor. Helysz\u00edn: NET Fszt 81. B\u00f3dizs R\u00f3bert (SE Magatart\u00e1s Tudom\u00e1nyi Int\u00e9zet kutat\u00e1si igazgat\u00f3ja)\u00a0el\u0151ad\u00e1s\u00e1nak c\u00edme:\u00a0Az alv\u00e1s alanya \u00e9s \u00e1ll\u00edtm\u00e1nya El\u0151ad\u00e1sa a modern alv\u00e1skutat\u00e1s szempontj\u00e1b\u00f3l kritikusan elemzi az alv\u00e1s alany\u00e1nak a problematik\u00e1j\u00e1t, vagyis arra a k\u00e9rd\u00e9sre keresi a v\u00e1laszt, hogy ki is alszik val\u00f3j\u00e1ban? Az ember &hellip;<\/p>\n","protected":false},"author":101265,"featured_media":505,"comment_status":"closed","ping_status":"closed","sticky":false,"template":"","format":"standard","meta":{"_acf_changed":false,"footnotes":""},"categories":[1],"tags":[],"class_list":["post-217","post","type-post","status-publish","format-standard","has-post-thumbnail","hentry","category-hirek"],"acf":[],"_links":{"self":[{"href":"https:\/\/semmelweis.hu\/mental\/wp-json\/wp\/v2\/posts\/217","targetHints":{"allow":["GET"]}}],"collection":[{"href":"https:\/\/semmelweis.hu\/mental\/wp-json\/wp\/v2\/posts"}],"about":[{"href":"https:\/\/semmelweis.hu\/mental\/wp-json\/wp\/v2\/types\/post"}],"author":[{"embeddable":true,"href":"https:\/\/semmelweis.hu\/mental\/wp-json\/wp\/v2\/users\/101265"}],"replies":[{"embeddable":true,"href":"https:\/\/semmelweis.hu\/mental\/wp-json\/wp\/v2\/comments?post=217"}],"version-history":[{"count":2,"href":"https:\/\/semmelweis.hu\/mental\/wp-json\/wp\/v2\/posts\/217\/revisions"}],"predecessor-version":[{"id":2052,"href":"https:\/\/semmelweis.hu\/mental\/wp-json\/wp\/v2\/posts\/217\/revisions\/2052"}],"wp:featuredmedia":[{"embeddable":true,"href":"https:\/\/semmelweis.hu\/mental\/wp-json\/wp\/v2\/media\/505"}],"wp:attachment":[{"href":"https:\/\/semmelweis.hu\/mental\/wp-json\/wp\/v2\/media?parent=217"}],"wp:term":[{"taxonomy":"category","embeddable":true,"href":"https:\/\/semmelweis.hu\/mental\/wp-json\/wp\/v2\/categories?post=217"},{"taxonomy":"post_tag","embeddable":true,"href":"https:\/\/semmelweis.hu\/mental\/wp-json\/wp\/v2\/tags?post=217"}],"curies":[{"name":"wp","href":"https:\/\/api.w.org\/{rel}","templated":true}]}}