{"id":215,"date":"2018-06-08T00:00:00","date_gmt":"2018-06-07T22:00:00","guid":{"rendered":"http:\/\/semmelweis.hu\/mental\/728-a-rendszervaltas-csaladtortenetei\/"},"modified":"2018-06-18T10:48:30","modified_gmt":"2018-06-18T08:48:30","slug":"a-rendszervaltas-csaladtortenetei","status":"publish","type":"post","link":"https:\/\/semmelweis.hu\/mental\/2018\/06\/08\/a-rendszervaltas-csaladtortenetei\/","title":{"rendered":"A RENDSZERV\u00c1LT\u00c1S CSAL\u00c1DT\u00d6RT\u00c9NETEI"},"content":{"rendered":"<p>Megjelent D\u00e1vid Be\u00e1ta\u2013Barna Ildik\u00f3\u2013B\u00f3n\u00e9 Veronika &#8211; Heged\u0171s R\u00e9ka\u2013Izs\u00e1k \u00c9va\u00a0<em>A rendszerv\u00e1lt\u00e1s csal\u00e1dt\u00f6rt\u00e9netei: Huszon\u00f6t \u00e9v Budapest \u00e1rny\u00e9k\u00e1ban<\/em>\u00a0c\u00edm\u0171 k\u00f6tete.<\/p>\n<p><em>www.harmattan.hu<\/em><\/p>\n<p>A rendszerv\u00e1lt\u00e1s csal\u00e1dt\u00f6rt\u00e9netei\u00a0c\u00edm\u0171 k\u00f6tet megjelen\u00e9se kapcs\u00e1n C<em>sal\u00e1dt\u00f6rt\u00e9netek a rendszerv\u00e1lt\u00e1sb\u00f3l \u2013 Kutat\u00e1s a Ment\u00e1lhigi\u00e9n\u00e9 Int\u00e9zet r\u00e9szv\u00e9tel\u00e9vel<\/em>\u00a0c\u00edmmel a Semmelweis H\u00edrek interj\u00fat k\u00f6z\u00f6lt Dr. Pethesn\u00e9 D\u00e1vid Be\u00e1t\u00e1val. A cikk <a href=\"https:\/\/semmelweis.hu\/hirek\/2016\/08\/15\/csaladtortenetek-a-rendszervaltasbol-kutatas-a-mentalhigiene-intezet-reszvetelevel\/\" target=\"_blank\" rel=\"noopener\">itt <\/a>\u00e9rhet\u0151 el.<\/p>\n<p>A k\u00f6tetr\u0151l:<\/p>\n<p>\u201eAz \u00e9let csak visszafel\u00e9 \u00e9rthet\u0151 meg, de el\u0151refel\u00e9 kell \u00e9lni.\u201d<br \/>\n(S\u00f8ren Kierkegaard nyom\u00e1n)<\/p>\n<p>Milyen ma a fiatalok biztons\u00e1g\u00e9rzete, \u00e9s vajon milyen volt \u00e9desany\u00e1ik\u00e9 huszon\u00f6t \u00e9vvel ezel\u0151tt, amikor \u0151k megsz\u00fclettek? Hogyan f\u00fcgg \u00f6ssze a t\u00e1rsadalmi \u00e9s az egy\u00e9ni biztons\u00e1g a fiatalok \u00e9s a sz\u00fcl\u0151k \u00e9let\u00e9ben? Vajon a sz\u00fcl\u0151k azt mondj\u00e1k-e, csin\u00e1lj\u00e1k-e, amit val\u00f3j\u00e1ban gondolnak a gyermekv\u00e1llal\u00e1sr\u00f3l? Mit is \u00fczennek gyermekeiknek?<\/p>\n<p>Ilyen \u00e9s ehhez hasonl\u00f3 k\u00e9rd\u00e9sek \u00e1llnak k\u00f6nyv\u00fcnk f\u00f3kusz\u00e1ban. A kutat\u00e1s a kor\u00e1bbi makroszint\u0171 megk\u00f6zel\u00edt\u00e9sek mellett \u00fajdons\u00e1gk\u00e9nt a rendszerv\u00e1lt\u00e1s t\u00e1rsadalmi t\u00f6rt\u00e9n\u00e9seit a mindennapokat meg\u00e9l\u0151 \u00e9s a rendszerv\u00e1lt\u00e1sban val\u00f3ban \u00e9rintett egy\u00e9nek\/csal\u00e1dok szemsz\u00f6g\u00e9b\u0151l t\u00e1rja fel. A k\u00f6nyv egy adott f\u00f6ldrajzi k\u00f6rnyezetben a szociol\u00f3gia k\u00fcl\u00f6nb\u00f6z\u0151 eszk\u00f6zeivel igyekszik felt\u00e1rni \u00e9s elemezni a rendszerv\u00e1lt\u00e1skor sz\u00fcletett gyerekek \u00e9s csal\u00e1djaik huszon\u00f6t \u00e9vnyi t\u00f6rt\u00e9net\u00e9t. A megk\u00f6zel\u00edt\u00e9s nem hagyom\u00e1nyos, ilyen-olyan m\u00f3don eltorz\u00edtott visszaeml\u00e9kez\u00e9sekre alapoz\u00f3 m\u00faltid\u00e9z\u00e9s, hanem az adott pillanatban \u00e9s \u00e9lethelyzetben feltett k\u00e9rd\u00e9sekre adott v\u00e1laszokat teszi egym\u00e1s mell\u00e9 \u00e9s vizsg\u00e1lja a k\u00f6zben eltelt id\u0151 t\u00e1vlat\u00e1ban.<\/p>\n<p>168 oldal, ISBN 978-963-414-116-7, \u00c1ra: 2300 Ft<br \/>\nhttp:\/\/www.harmattan.hu\/konyv_1408.html<\/p>\n","protected":false},"excerpt":{"rendered":"<p>Megjelent D\u00e1vid Be\u00e1ta\u2013Barna Ildik\u00f3\u2013B\u00f3n\u00e9 Veronika &#8211; Heged\u0171s R\u00e9ka\u2013Izs\u00e1k \u00c9va\u00a0A rendszerv\u00e1lt\u00e1s csal\u00e1dt\u00f6rt\u00e9netei: Huszon\u00f6t \u00e9v Budapest \u00e1rny\u00e9k\u00e1ban\u00a0c\u00edm\u0171 k\u00f6tete. www.harmattan.hu A rendszerv\u00e1lt\u00e1s csal\u00e1dt\u00f6rt\u00e9netei\u00a0c\u00edm\u0171 k\u00f6tet megjelen\u00e9se kapcs\u00e1n Csal\u00e1dt\u00f6rt\u00e9netek a rendszerv\u00e1lt\u00e1sb\u00f3l \u2013 Kutat\u00e1s a Ment\u00e1lhigi\u00e9n\u00e9 Int\u00e9zet r\u00e9szv\u00e9tel\u00e9vel\u00a0c\u00edmmel a Semmelweis H\u00edrek interj\u00fat k\u00f6z\u00f6lt Dr. Pethesn\u00e9 D\u00e1vid Be\u00e1t\u00e1val. A cikk <a href=\"https:\/\/semmelweis.hu\/hirek\/2016\/08\/15\/csaladtortenetek-a-rendszervaltasbol-kutatas-a-mentalhigiene-intezet-reszvetelevel\/\" target=\"_blank\" rel=\"noopener\">itt <\/a> \u00e9rhet\u0151 el. A k\u00f6tetr\u0151l: \u201eAz \u00e9let csak visszafel\u00e9 \u00e9rthet\u0151 meg, de el\u0151refel\u00e9 &hellip;<\/p>\n","protected":false},"author":101265,"featured_media":516,"comment_status":"closed","ping_status":"closed","sticky":false,"template":"","format":"standard","meta":{"_acf_changed":false,"footnotes":""},"categories":[1],"tags":[],"class_list":["post-215","post","type-post","status-publish","format-standard","has-post-thumbnail","hentry","category-hirek"],"acf":[],"_links":{"self":[{"href":"https:\/\/semmelweis.hu\/mental\/wp-json\/wp\/v2\/posts\/215","targetHints":{"allow":["GET"]}}],"collection":[{"href":"https:\/\/semmelweis.hu\/mental\/wp-json\/wp\/v2\/posts"}],"about":[{"href":"https:\/\/semmelweis.hu\/mental\/wp-json\/wp\/v2\/types\/post"}],"author":[{"embeddable":true,"href":"https:\/\/semmelweis.hu\/mental\/wp-json\/wp\/v2\/users\/101265"}],"replies":[{"embeddable":true,"href":"https:\/\/semmelweis.hu\/mental\/wp-json\/wp\/v2\/comments?post=215"}],"version-history":[{"count":2,"href":"https:\/\/semmelweis.hu\/mental\/wp-json\/wp\/v2\/posts\/215\/revisions"}],"predecessor-version":[{"id":2037,"href":"https:\/\/semmelweis.hu\/mental\/wp-json\/wp\/v2\/posts\/215\/revisions\/2037"}],"wp:featuredmedia":[{"embeddable":true,"href":"https:\/\/semmelweis.hu\/mental\/wp-json\/wp\/v2\/media\/516"}],"wp:attachment":[{"href":"https:\/\/semmelweis.hu\/mental\/wp-json\/wp\/v2\/media?parent=215"}],"wp:term":[{"taxonomy":"category","embeddable":true,"href":"https:\/\/semmelweis.hu\/mental\/wp-json\/wp\/v2\/categories?post=215"},{"taxonomy":"post_tag","embeddable":true,"href":"https:\/\/semmelweis.hu\/mental\/wp-json\/wp\/v2\/tags?post=215"}],"curies":[{"name":"wp","href":"https:\/\/api.w.org\/{rel}","templated":true}]}}