{"id":214,"date":"2018-06-08T00:00:00","date_gmt":"2018-06-07T22:00:00","guid":{"rendered":"http:\/\/semmelweis.hu\/mental\/750-konferencia-szocialis-munkara-felvertezve\/"},"modified":"2018-06-18T11:03:12","modified_gmt":"2018-06-18T09:03:12","slug":"konferencia-szocialis-munkara-felvertezve","status":"publish","type":"post","link":"https:\/\/semmelweis.hu\/mental\/2018\/06\/08\/konferencia-szocialis-munkara-felvertezve\/","title":{"rendered":"KONFERENCIA &#8211; SZOCI\u00c1LIS MUNK\u00c1RA FELV\u00c9RTEZVE"},"content":{"rendered":"<p>Orsz\u00e1gos Tudom\u00e1nyos Szoci\u00e1lis Konferencia: Szoci\u00e1lis munk\u00e1ra felv\u00e9rtezve \u2013 Kompetenci\u00e1k a gyakorlatban.<br \/>\nId\u0151pont: <strong><span style=\"color: #ff0000;\">2016. november 25.<\/span><\/strong> 10.00-17.00<br \/>\nHelysz\u00edn: Kodol\u00e1nyi J\u00e1nos F\u0151iskola, Budapesti Oktat\u00e1si K\u00f6zpont<br \/>\n1139 Budapest, Frangep\u00e1n utca 50-56.<\/p>\n<p style=\"text-align: justify;\">A tavalyi \u00e9vhez hasonl\u00f3an a Magyarorsz\u00e1gi Szoci\u00e1lis Szakemberek K\u00e9pz\u00e9s\u00e9\u00e9rt Egyes\u00fclet (Iskolasz\u00f6vets\u00e9g) Orsz\u00e1gos Tudom\u00e1nyos Szoci\u00e1lis Konferenci\u00e1t szervez, ebben az \u00e9vben a Kodol\u00e1nyi J\u00e1nos F\u0151iskol\u00e1val k\u00f6z\u00f6sen. A konferencia f\u0151 c\u00e9lja, hogy sz\u00ednteret teremts\u00fcnk a szoci\u00e1lis munka t\u00e9mak\u00f6r\u00e9be tartoz\u00f3 kutat\u00e1sok \u00e9s k\u00fcl\u00f6nb\u00f6z\u0151 innovat\u00edv gyakorlatok bemutat\u00e1s\u00e1ra \u00e9s megvitat\u00e1s\u00e1ra, hogy ezekkel az ismeretekkel gazdag\u00edtsuk \u00e9s \u201e\u00e9l\u0151v\u00e9 tegy\u00fck\u201d a szoci\u00e1lis munka defin\u00edci\u00f3j\u00e1t, s ezzel teret adjunk a szoci\u00e1lis szakm\u00e1r\u00f3l val\u00f3 tudom\u00e1nyos ig\u00e9ny\u0171 gondolkod\u00e1snak, \u00e9rtekez\u00e9snek.<br \/>\nAz IFSW Nagygy\u0171l\u00e9se \u00e9s az IASSW K\u00f6zgy\u0171l\u00e9se 2014 j\u00falius\u00e1ban a szoci\u00e1lis munka al\u00e1bbi defin\u00edci\u00f3j\u00e1t fogadta el:<br \/>\n\u201eA szoci\u00e1lis munka olyan gyakorlat alap\u00fa szakma \u00e9s tudom\u00e1ny\u00e1g, amely el\u0151seg\u00edti a t\u00e1rsadalmi v\u00e1ltoz\u00e1st \u00e9s fejl\u0151d\u00e9st, a t\u00e1rsadalmi \u00f6sszetartoz\u00e1st, valamint az emberek hatalommal val\u00f3 felruh\u00e1z\u00e1s\u00e1t \u00e9s felszabad\u00edt\u00e1s\u00e1t. A t\u00e1rsadalmi igazs\u00e1goss\u00e1g, az emberi jogok, a k\u00f6z\u00f6s felel\u0151ss\u00e9gv\u00e1llal\u00e1s \u00e9s a k\u00fcl\u00f6nb\u00f6z\u0151s\u00e9gek tisztelet\u00e9nek elvei k\u00f6zponti helyet foglalnak el a szoci\u00e1lis munk\u00e1ban. A hum\u00e1n \u00e9s t\u00e1rsadalomtudom\u00e1nyok elm\u00e9leteivel, valamint a helyi tud\u00e1sokkal felv\u00e9rtezve a szoci\u00e1lis munka embereket \u00e9s rendszereket aktiviz\u00e1l, hogy v\u00e1laszt adjon az \u00e9let kih\u00edv\u00e1saira \u00e9s el\u0151mozd\u00edtsa a j\u00f3ll\u00e9tet. A fenti defin\u00edci\u00f3 egyes r\u00e9szei a nemzeti \u00e9s\/vagy helyi szinteken nagyobb jelent\u0151s\u00e9g\u0171ek lehetnek.\u201d<br \/>\n(IFSW-IASSW, 2014. j\u00falius)<br \/>\nA konferenci\u00e1ra el\u0151ad\u00e1ssal vagy poszterbemutat\u00f3val lehet jelentkezni.<br \/>\nA konferenci\u00e1ra a k\u00f6vetkez\u0151 t\u00e9m\u00e1kban v\u00e1rjuk el\u0151ad\u00f3k jelentkez\u00e9s\u00e9t:<br \/>\n\uf0b7 Szoci\u00e1lpolitikai v\u00e1ltoz\u00e1sok \u00e9s a mindennapi gyakorlat<br \/>\n\uf0b7 Szoci\u00e1lis munka oktat\u00e1sa \u2013 kompetenci\u00e1k a gyakorlatban<br \/>\n\uf0b7 Innov\u00e1ci\u00f3 a szoci\u00e1lis munka ter\u00fcletein<br \/>\n\uf0b7 Kutat\u00e1sok a szoci\u00e1lis szolg\u00e1ltat\u00e1sok k\u00f6r\u00e9ben<br \/>\nA szimp\u00f3ziumok el\u0151ad\u00e1sai, a tematikus el\u0151ad\u00e1sok id\u0151tartama \u00e1tlagosan 20 perc, amit r\u00f6vid megbesz\u00e9l\u00e9s, vita k\u00f6vet.<br \/>\nA be\u00e9rkezett jelentkez\u00e9seket a konferencia programbizotts\u00e1ga hagyja j\u00f3v\u00e1, melynek tagjai:<br \/>\n\uf0b7 Hervain\u00e9 Dr. Szab\u00f3 Gy\u00f6ngyv\u00e9r<br \/>\n\uf0b7 Dr. Kozma Judit<br \/>\n\uf0b7 Dr. Szoboszlai Katalin<br \/>\n\uf0b7 Dr. Pilinszki Attila<br \/>\nA konferencia a szoci\u00e1lis tov\u00e1bbk\u00e9pz\u00e9sben akkredit\u00e1ci\u00f3val rendelkezik, \u00edgy lehet\u0151s\u00e9get ny\u00edlik a r\u00e9sztvev\u0151k sz\u00e1m\u00e1ra kreditpontok (5 kredit) szerz\u00e9s\u00e9re.<\/p>\n<p>A konferenci\u00e1ra val\u00f3 jelentkez\u00e9s m\u00f3dja:<br \/>\nAz al\u00e1bbi linken:<br \/>\nhttp:\/\/tinyurl.hu\/ZS89\/<br \/>\nAz el\u0151ad\u00e1sra val\u00f3 jelentkez\u00e9s hat\u00e1rideje:<span style=\"color: #ff0000;\"><strong> 2016. okt\u00f3ber 20.<\/strong><\/span><br \/>\nAbsztrakt megk\u00fcld\u00e9se: <span style=\"color: #ff0000;\"><strong>2016. okt\u00f3ber 31.<\/strong><\/span><br \/>\nR\u00e9szvev\u0151k\u00e9nt: <span style=\"color: #ff0000;\"><strong>2016. november 20.<\/strong><\/span><br \/>\nA konferencia r\u00e9szv\u00e9teli d\u00edja (regisztr\u00e1ci\u00f3 \u00e9s napid\u00edj): 2.000 Ft<br \/>\nA regisztr\u00e1ci\u00f3s d\u00edj befizet\u00e9si hat\u00e1rideje: <span style=\"color: #ff0000;\"><strong>2016. november 20.<\/strong><\/span><br \/>\nA r\u00e9szv\u00e9teli d\u00edjat az al\u00e1bbi banksz\u00e1mlasz\u00e1mra k\u00e9rj\u00fck \u00e1tutalni. A megjegyz\u00e9s rovatba felt\u00fcntetve: R\u00e9sztvev\u0151 neve \u00e9s \u201dSzoci\u00e1lis konferencia\u201d<\/p>\n<p>Kodol\u00e1nyi J\u00e1nos F\u0151iskola<br \/>\nErste Bank Hungary Zrt.<br \/>\n11600006-00000000-33437190<\/p>\n<p>Biztatjuk \u00e9s k\u00e9rj\u00fck az oktat\u00f3kat, kutat\u00f3kat, terepen dolgoz\u00f3 szakembereket, hogy kutat\u00e1suk tapasztalatainak megoszt\u00e1s\u00e1val gazdag\u00edts\u00e1k tud\u00e1sunkat a szoci\u00e1lis munk\u00e1r\u00f3l.<\/p>\n<p>Budapest, 2016. szeptember 27.<\/p>\n<p>az Iskolasz\u00f6vets\u00e9g eln\u00f6ks\u00e9ge<\/p>\n","protected":false},"excerpt":{"rendered":"<p>Orsz\u00e1gos Tudom\u00e1nyos Szoci\u00e1lis Konferencia: Szoci\u00e1lis munk\u00e1ra felv\u00e9rtezve \u2013 Kompetenci\u00e1k a gyakorlatban. Id\u0151pont: 2016. november 25. 10.00-17.00 Helysz\u00edn: Kodol\u00e1nyi J\u00e1nos F\u0151iskola, Budapesti Oktat\u00e1si K\u00f6zpont 1139 Budapest, Frangep\u00e1n utca 50-56. A tavalyi \u00e9vhez hasonl\u00f3an a Magyarorsz\u00e1gi Szoci\u00e1lis Szakemberek K\u00e9pz\u00e9s\u00e9\u00e9rt Egyes\u00fclet (Iskolasz\u00f6vets\u00e9g) Orsz\u00e1gos Tudom\u00e1nyos Szoci\u00e1lis Konferenci\u00e1t szervez, ebben az \u00e9vben a Kodol\u00e1nyi J\u00e1nos F\u0151iskol\u00e1val k\u00f6z\u00f6sen. A konferencia f\u0151 &hellip;<\/p>\n","protected":false},"author":101265,"featured_media":483,"comment_status":"closed","ping_status":"closed","sticky":false,"template":"","format":"standard","meta":{"_acf_changed":false,"footnotes":""},"categories":[1],"tags":[],"class_list":["post-214","post","type-post","status-publish","format-standard","has-post-thumbnail","hentry","category-hirek"],"acf":[],"_links":{"self":[{"href":"https:\/\/semmelweis.hu\/mental\/wp-json\/wp\/v2\/posts\/214","targetHints":{"allow":["GET"]}}],"collection":[{"href":"https:\/\/semmelweis.hu\/mental\/wp-json\/wp\/v2\/posts"}],"about":[{"href":"https:\/\/semmelweis.hu\/mental\/wp-json\/wp\/v2\/types\/post"}],"author":[{"embeddable":true,"href":"https:\/\/semmelweis.hu\/mental\/wp-json\/wp\/v2\/users\/101265"}],"replies":[{"embeddable":true,"href":"https:\/\/semmelweis.hu\/mental\/wp-json\/wp\/v2\/comments?post=214"}],"version-history":[{"count":2,"href":"https:\/\/semmelweis.hu\/mental\/wp-json\/wp\/v2\/posts\/214\/revisions"}],"predecessor-version":[{"id":2046,"href":"https:\/\/semmelweis.hu\/mental\/wp-json\/wp\/v2\/posts\/214\/revisions\/2046"}],"wp:featuredmedia":[{"embeddable":true,"href":"https:\/\/semmelweis.hu\/mental\/wp-json\/wp\/v2\/media\/483"}],"wp:attachment":[{"href":"https:\/\/semmelweis.hu\/mental\/wp-json\/wp\/v2\/media?parent=214"}],"wp:term":[{"taxonomy":"category","embeddable":true,"href":"https:\/\/semmelweis.hu\/mental\/wp-json\/wp\/v2\/categories?post=214"},{"taxonomy":"post_tag","embeddable":true,"href":"https:\/\/semmelweis.hu\/mental\/wp-json\/wp\/v2\/tags?post=214"}],"curies":[{"name":"wp","href":"https:\/\/api.w.org\/{rel}","templated":true}]}}