{"id":213,"date":"2018-06-08T00:00:00","date_gmt":"2018-06-07T22:00:00","guid":{"rendered":"http:\/\/semmelweis.hu\/mental\/775-uj-munkatarsat-keresunk\/"},"modified":"2018-06-18T11:01:15","modified_gmt":"2018-06-18T09:01:15","slug":"uj-munkatarsat-keresunk","status":"publish","type":"post","link":"https:\/\/semmelweis.hu\/mental\/2018\/06\/08\/uj-munkatarsat-keresunk\/","title":{"rendered":"\u00daJ MUNKAT\u00c1RSAT KERES\u00dcNK!"},"content":{"rendered":"<p><a href=\"https:\/\/semmelweis.hu\/mental\/files\/2018\/06\/allas.jpg\"><img loading=\"lazy\" decoding=\"async\" class=\"size-full wp-image-402 alignleft\" src=\"https:\/\/semmelweis.hu\/mental\/files\/2018\/06\/allas.jpg\" alt=\"\" width=\"174\" height=\"141\" \/><\/a>Titk\u00e1rs\u00e1gvezet\u0151, igazgat\u00f3i asszisztens munkak\u00f6rre v\u00e1rjuk a jelentkez\u00e9seket! Hat\u00e1rid\u0151: <span style=\"color: #ff0000;\"><strong>2017. m\u00e1rcius 5.<\/strong><\/span> R\u00e9szletek <a href=\"https:\/\/semmelweis.hu\/human\/2017\/02\/18\/mentalhigiene-intezet-ugyvivo-szakerto-titkarsagvezeto-igazgatoi-asszisztens-benyujtasi-hatarido-2017-marcius-05\/\" target=\"_blank\" rel=\"noopener\">itt<\/a>!<\/p>\n","protected":false},"excerpt":{"rendered":"<p><a href=\"https:\/\/semmelweis.hu\/mental\/files\/2018\/06\/allas.jpg\"><\/a>Titk\u00e1rs\u00e1gvezet\u0151, igazgat\u00f3i asszisztens munkak\u00f6rre v\u00e1rjuk a jelentkez\u00e9seket! Hat\u00e1rid\u0151: 2017. m\u00e1rcius 5. R\u00e9szletek <a href=\"https:\/\/semmelweis.hu\/human\/2017\/02\/18\/mentalhigiene-intezet-ugyvivo-szakerto-titkarsagvezeto-igazgatoi-asszisztens-benyujtasi-hatarido-2017-marcius-05\/\" target=\"_blank\" rel=\"noopener\">itt<\/a>!<\/p>\n","protected":false},"author":101265,"featured_media":402,"comment_status":"closed","ping_status":"closed","sticky":false,"template":"","format":"standard","meta":{"_acf_changed":false,"footnotes":""},"categories":[1],"tags":[],"class_list":["post-213","post","type-post","status-publish","format-standard","has-post-thumbnail","hentry","category-hirek"],"acf":[],"_links":{"self":[{"href":"https:\/\/semmelweis.hu\/mental\/wp-json\/wp\/v2\/posts\/213","targetHints":{"allow":["GET"]}}],"collection":[{"href":"https:\/\/semmelweis.hu\/mental\/wp-json\/wp\/v2\/posts"}],"about":[{"href":"https:\/\/semmelweis.hu\/mental\/wp-json\/wp\/v2\/types\/post"}],"author":[{"embeddable":true,"href":"https:\/\/semmelweis.hu\/mental\/wp-json\/wp\/v2\/users\/101265"}],"replies":[{"embeddable":true,"href":"https:\/\/semmelweis.hu\/mental\/wp-json\/wp\/v2\/comments?post=213"}],"version-history":[{"count":3,"href":"https:\/\/semmelweis.hu\/mental\/wp-json\/wp\/v2\/posts\/213\/revisions"}],"predecessor-version":[{"id":2045,"href":"https:\/\/semmelweis.hu\/mental\/wp-json\/wp\/v2\/posts\/213\/revisions\/2045"}],"wp:featuredmedia":[{"embeddable":true,"href":"https:\/\/semmelweis.hu\/mental\/wp-json\/wp\/v2\/media\/402"}],"wp:attachment":[{"href":"https:\/\/semmelweis.hu\/mental\/wp-json\/wp\/v2\/media?parent=213"}],"wp:term":[{"taxonomy":"category","embeddable":true,"href":"https:\/\/semmelweis.hu\/mental\/wp-json\/wp\/v2\/categories?post=213"},{"taxonomy":"post_tag","embeddable":true,"href":"https:\/\/semmelweis.hu\/mental\/wp-json\/wp\/v2\/tags?post=213"}],"curies":[{"name":"wp","href":"https:\/\/api.w.org\/{rel}","templated":true}]}}