{"id":210,"date":"2018-06-08T00:00:00","date_gmt":"2018-06-07T22:00:00","guid":{"rendered":"http:\/\/semmelweis.hu\/mental\/780-tudomanyos-kave-szexualis-neveles\/"},"modified":"2018-06-18T10:50:12","modified_gmt":"2018-06-18T08:50:12","slug":"tudomanyos-kave-szexualis-neveles","status":"publish","type":"post","link":"https:\/\/semmelweis.hu\/mental\/2018\/06\/08\/tudomanyos-kave-szexualis-neveles\/","title":{"rendered":"TUDOM\u00c1NYOS K\u00c1V\u00c9 &#8211; &#8222;SZEXU\u00c1LIS NEVEL\u00c9S&#8221;"},"content":{"rendered":"<p>A Tudom\u00e1nyos K\u00e1v\u00e9 k\u00f6vetkez\u0151 el\u0151ad\u00f3ja: Semsey G\u00e1bor. El\u0151ad\u00e1s\u00e1nak c\u00edme: A magyarorsz\u00e1gi gimn\u00e1ziumok gyakorlata a szexu\u00e1lis nevel\u00e9s ter\u00e9n.<br \/>\nId\u0151pont: <span style=\"color: #ff0000;\"><strong>2017. m\u00e1rcius 22.<\/strong><\/span> 8:30-10:00<br \/>\nHelysz\u00edn: NET Fsz. 81.<\/p>\n<p>Egy frissen elk\u00e9sz\u00fclt PHD disszert\u00e1ci\u00f3 bemutat\u00e1s\u00e1t hallhatj\u00e1tok ezen az alkalmon, m\u00e9g \u00e9ppen a nyilv\u00e1nos v\u00e9d\u00e9s el\u0151tt.<br \/>\nMilyen trendek, t\u00f6rekv\u00e9sek vannak ma vil\u00e1gszerte a szexu\u00e1lis nevel\u00e9sben? Hol tart ebben Magyarorsz\u00e1g? Mi a helyzet a magyar gimn\u00e1ziumokban e t\u00e9ren? Mit kapnak a di\u00e1kok, \u00e9s mit gondolnak err\u0151l? Mit szeretn\u00e9nek el\u00e9rni a tan\u00e1rok? \u00c9s mindezek f\u00e9ny\u00e9ben: milyen fejleszt\u00e9sekre lenne sz\u00fcks\u00e9g?<br \/>\nEzekre \u00e9s ehhez hasonl\u00f3 k\u00e9rd\u00e9sekre kerestem a v\u00e1laszt a kutat\u00e1somban, \u00e9s megosztom Veletek, mire jutottam. Mindenki j\u00f6jj\u00f6n,<br \/>\n\u2022 akit \u00e9rdekel az iskola vil\u00e1ga,<br \/>\n\u2022 akit \u00e9rdekelnek a serd\u00fcl\u0151k,<br \/>\n\u2022 akit foglalkoztat a fiatalok j\u00f6v\u0151je a p\u00e1rkapcsolat \u00e9s a szexu\u00e1lis \u00e9let vonatkoz\u00e1s\u00e1ban,<br \/>\n\u2022 akit \u00e9rdekelnek a nevel\u00e9studom\u00e1nyi kutat\u00e1sok,<br \/>\n\u2022 aki szeretn\u00e9 velem egy\u00fctt \u00e1t\u00e9lni, milyen j\u00f3 \u00e9rz\u00e9s egy PHD-kutat\u00e1s v\u00e9g\u00e9re \u00e9rni!<\/p>\n","protected":false},"excerpt":{"rendered":"<p>A Tudom\u00e1nyos K\u00e1v\u00e9 k\u00f6vetkez\u0151 el\u0151ad\u00f3ja: Semsey G\u00e1bor. El\u0151ad\u00e1s\u00e1nak c\u00edme: A magyarorsz\u00e1gi gimn\u00e1ziumok gyakorlata a szexu\u00e1lis nevel\u00e9s ter\u00e9n. Id\u0151pont: 2017. m\u00e1rcius 22. 8:30-10:00 Helysz\u00edn: NET Fsz. 81. Egy frissen elk\u00e9sz\u00fclt PHD disszert\u00e1ci\u00f3 bemutat\u00e1s\u00e1t hallhatj\u00e1tok ezen az alkalmon, m\u00e9g \u00e9ppen a nyilv\u00e1nos v\u00e9d\u00e9s el\u0151tt. Milyen trendek, t\u00f6rekv\u00e9sek vannak ma vil\u00e1gszerte a szexu\u00e1lis nevel\u00e9sben? Hol tart ebben Magyarorsz\u00e1g? &hellip;<\/p>\n","protected":false},"author":101265,"featured_media":582,"comment_status":"closed","ping_status":"closed","sticky":false,"template":"","format":"standard","meta":{"_acf_changed":false,"footnotes":""},"categories":[1],"tags":[],"class_list":["post-210","post","type-post","status-publish","format-standard","has-post-thumbnail","hentry","category-hirek"],"acf":[],"_links":{"self":[{"href":"https:\/\/semmelweis.hu\/mental\/wp-json\/wp\/v2\/posts\/210","targetHints":{"allow":["GET"]}}],"collection":[{"href":"https:\/\/semmelweis.hu\/mental\/wp-json\/wp\/v2\/posts"}],"about":[{"href":"https:\/\/semmelweis.hu\/mental\/wp-json\/wp\/v2\/types\/post"}],"author":[{"embeddable":true,"href":"https:\/\/semmelweis.hu\/mental\/wp-json\/wp\/v2\/users\/101265"}],"replies":[{"embeddable":true,"href":"https:\/\/semmelweis.hu\/mental\/wp-json\/wp\/v2\/comments?post=210"}],"version-history":[{"count":2,"href":"https:\/\/semmelweis.hu\/mental\/wp-json\/wp\/v2\/posts\/210\/revisions"}],"predecessor-version":[{"id":2038,"href":"https:\/\/semmelweis.hu\/mental\/wp-json\/wp\/v2\/posts\/210\/revisions\/2038"}],"wp:featuredmedia":[{"embeddable":true,"href":"https:\/\/semmelweis.hu\/mental\/wp-json\/wp\/v2\/media\/582"}],"wp:attachment":[{"href":"https:\/\/semmelweis.hu\/mental\/wp-json\/wp\/v2\/media?parent=210"}],"wp:term":[{"taxonomy":"category","embeddable":true,"href":"https:\/\/semmelweis.hu\/mental\/wp-json\/wp\/v2\/categories?post=210"},{"taxonomy":"post_tag","embeddable":true,"href":"https:\/\/semmelweis.hu\/mental\/wp-json\/wp\/v2\/tags?post=210"}],"curies":[{"name":"wp","href":"https:\/\/api.w.org\/{rel}","templated":true}]}}