{"id":209,"date":"2018-06-08T00:00:00","date_gmt":"2018-06-07T22:00:00","guid":{"rendered":"http:\/\/semmelweis.hu\/mental\/784-doktori-felveteli-muhely-2017\/"},"modified":"2018-06-18T10:45:27","modified_gmt":"2018-06-18T08:45:27","slug":"doktori-felveteli-muhely-2017","status":"publish","type":"post","link":"https:\/\/semmelweis.hu\/mental\/2018\/06\/08\/doktori-felveteli-muhely-2017\/","title":{"rendered":"DOKTORI FELV\u00c9TELI M\u0170HELY 2017"},"content":{"rendered":"<p><strong>2017. m\u00e1rcius 31<\/strong>-\u00e1n felv\u00e9telit el\u0151k\u00e9sz\u00edt\u0151 t\u00e1j\u00e9koztat\u00f3 alkalmat tartunk az\u00a0<a href=\"https:\/\/semmelweis.hu\/mental\/doktori-kepzes\/\" target=\"_blank\" rel=\"noopener\">Egy\u00e9nek \u00e9s k\u00f6z\u00f6ss\u00e9gek er\u0151forr\u00e1sainak szociol\u00f3giai \u00e9s ment\u00e1lhigi\u00e9n\u00e9s megk\u00f6zel\u00edt\u00e9se<\/a>\u00a0c. szociol\u00f3giai PhD k\u00e9pz\u00e9si program ir\u00e1nt \u00e9rdekl\u0151d\u0151knek.<\/p>\n<p>Id\u0151pont: m\u00e1rcius 31. p\u00e9ntek 14:30-16:00<br \/>\nHelysz\u00edn: SE EMK Budapest, K\u00fatv\u00f6lgyi \u00fat 2.<br \/>\n1. emelet, &#8222;Ikerterem&#8221;<br \/>\n<a href=\"https:\/\/goo.gl\/maps\/F5UGZfT1P582\" target=\"_blank\" rel=\"noopener\">https:\/\/goo.gl\/maps\/F5UGZfT1P582<\/a><\/p>\n<p>Jelentkez\u00e9s itt:<br \/>\n<a href=\"https:\/\/goo.gl\/forms\/2jCaz5BDj0vRZJHt1\" target=\"_blank\" rel=\"noopener\">https:\/\/goo.gl\/forms\/2jCaz5BDj0vRZJHt1<\/a><br \/>\nFB-esem\u00e9ny:<br \/>\n<a href=\"https:\/\/www.facebook.com\/events\/1862525617339035\/\" target=\"_blank\" rel=\"noopener\">https:\/\/www.facebook.com\/events\/1862525617339035\/<\/a><\/p>\n","protected":false},"excerpt":{"rendered":"<p>2017. m\u00e1rcius 31-\u00e1n felv\u00e9telit el\u0151k\u00e9sz\u00edt\u0151 t\u00e1j\u00e9koztat\u00f3 alkalmat tartunk az\u00a0<a href=\"https:\/\/semmelweis.hu\/mental\/doktori-kepzes\/\" target=\"_blank\" rel=\"noopener\">Egy\u00e9nek \u00e9s k\u00f6z\u00f6ss\u00e9gek er\u0151forr\u00e1sainak szociol\u00f3giai \u00e9s ment\u00e1lhigi\u00e9n\u00e9s megk\u00f6zel\u00edt\u00e9se<\/a>\u00a0c. szociol\u00f3giai PhD k\u00e9pz\u00e9si program ir\u00e1nt \u00e9rdekl\u0151d\u0151knek.<br \/>\nId\u0151pont: m\u00e1rcius 31. p\u00e9ntek 14:30-16:00<br \/>\nHelysz\u00edn: SE EMK Budapest, K\u00fatv\u00f6lgyi \u00fat 2.<br \/>\n1. emelet, &#8222;Ikerterem&#8221;<br \/>\n<a href=\"https:\/\/goo.gl\/maps\/F5UGZfT1P582\" target=\"_blank\" rel=\"noopener\">https:\/\/goo.gl\/maps\/F5UGZfT1P582<\/a><br \/>\nJelentkez\u00e9s itt:<br \/>\n<a href=\"https:\/\/goo.gl\/forms\/2jCaz5BDj0vRZJHt1\" target=\"_blank\" rel=\"noopener\">https:\/\/goo.gl\/forms\/2jCaz5BDj0vRZJHt1<\/a><br \/>\nFB-esem\u00e9ny:<br \/>\n<a href=\"https:\/\/www.facebook.com\/events\/1862525617339035\/\" target=\"_blank\" rel=\"noopener\">https:\/\/www.facebook.com\/events\/1862525617339035\/<\/a><\/p>\n","protected":false},"author":101265,"featured_media":0,"comment_status":"closed","ping_status":"closed","sticky":false,"template":"","format":"standard","meta":{"_acf_changed":false,"footnotes":""},"categories":[1],"tags":[],"class_list":["post-209","post","type-post","status-publish","format-standard","hentry","category-hirek"],"acf":[],"_links":{"self":[{"href":"https:\/\/semmelweis.hu\/mental\/wp-json\/wp\/v2\/posts\/209","targetHints":{"allow":["GET"]}}],"collection":[{"href":"https:\/\/semmelweis.hu\/mental\/wp-json\/wp\/v2\/posts"}],"about":[{"href":"https:\/\/semmelweis.hu\/mental\/wp-json\/wp\/v2\/types\/post"}],"author":[{"embeddable":true,"href":"https:\/\/semmelweis.hu\/mental\/wp-json\/wp\/v2\/users\/101265"}],"replies":[{"embeddable":true,"href":"https:\/\/semmelweis.hu\/mental\/wp-json\/wp\/v2\/comments?post=209"}],"version-history":[{"count":3,"href":"https:\/\/semmelweis.hu\/mental\/wp-json\/wp\/v2\/posts\/209\/revisions"}],"predecessor-version":[{"id":2036,"href":"https:\/\/semmelweis.hu\/mental\/wp-json\/wp\/v2\/posts\/209\/revisions\/2036"}],"wp:attachment":[{"href":"https:\/\/semmelweis.hu\/mental\/wp-json\/wp\/v2\/media?parent=209"}],"wp:term":[{"taxonomy":"category","embeddable":true,"href":"https:\/\/semmelweis.hu\/mental\/wp-json\/wp\/v2\/categories?post=209"},{"taxonomy":"post_tag","embeddable":true,"href":"https:\/\/semmelweis.hu\/mental\/wp-json\/wp\/v2\/tags?post=209"}],"curies":[{"name":"wp","href":"https:\/\/api.w.org\/{rel}","templated":true}]}}