{"id":208,"date":"2018-06-08T00:00:00","date_gmt":"2018-06-07T22:00:00","guid":{"rendered":"http:\/\/semmelweis.hu\/mental\/762-csaladma-indulasa-tajekoztatas\/"},"modified":"2018-06-18T10:16:46","modified_gmt":"2018-06-18T08:16:46","slug":"csaladma-indulasa-tajekoztatas","status":"publish","type":"post","link":"https:\/\/semmelweis.hu\/mental\/2018\/06\/08\/csaladma-indulasa-tajekoztatas\/","title":{"rendered":"CSAL\u00c1DMA INDUL\u00c1SA: T\u00c1J\u00c9KOZTAT\u00c1S"},"content":{"rendered":"<p>\u00c9rtes\u00edtj\u00fck a Ment\u00e1lhigi\u00e9n\u00e9s csal\u00e1dtudom\u00e1nyi \u00e9s csal\u00e1dter\u00e1pi\u00e1s mesterk\u00e9pz\u00e9si szak ir\u00e1nt \u00e9rdekl\u0151d\u0151ket, hogy a szak 2017\/2018-as tan\u00e9vre vonatkoz\u00f3 meghirdet\u00e9s\u00e9re v\u00e1rhat\u00f3an csak 2017 els\u0151 f\u00e9l\u00e9v\u00e9ben ker\u00fcl sor. Jelenleg ez a szakunk nem lesz el\u00e9rhet\u0151 a felvi.hu rendszer\u00e9ben. Ha feliratkozik az al\u00e1bbi <a href=\"https:\/\/docs.google.com\/forms\/d\/e\/1FAIpQLSdn1_NdJF4L9KXmirbY9VDY6FoU-X11iaQOwtuIKwaYBY-rBQ\/viewform\" target=\"_blank\" rel=\"noopener\">\u0171rlapon<\/a>, a meghirdet\u00e9sr\u0151l k\u00fcl\u00f6n \u00e9rtes\u00edt\u00e9st k\u00fcld\u00fcnk \u00d6nnek.<\/p>\n<p>Sajn\u00e1latos m\u00f3don a 2016. \u00e9vi k\u00e9pz\u00e9si \u00e9s kimeneti k\u00f6vetelm\u00e9nyekre vonatkoz\u00f3 fel\u00fclvizsg\u00e1lati folyamat v\u00e9g\u00e9n, a Ment\u00e1lhigi\u00e9n\u00e9s csal\u00e1dtudom\u00e1nyi \u00e9s csal\u00e1dter\u00e1pi\u00e1s mesterk\u00e9pz\u00e9si szak vonatkoz\u00e1s\u00e1ban a 18\/2016 (VIII. 5) EMMI rendelet \/a fels\u0151oktat\u00e1si szakk\u00e9pz\u00e9sek, az alap- \u00e9s mesterk\u00e9pz\u00e9sek k\u00e9pz\u00e9si \u00e9s kimeneti k\u00f6vetelm\u00e9nyeir\u0151l sz\u00f3l\u00f3 EMMI rendelet\/ hib\u00e1san jelent meg. A tartalmi korrekci\u00f3 folyamatban van. Jelentkez\u00e9s csak ezt k\u00f6vet\u0151en megnyitott felv\u00e9teli id\u0151szakban lehets\u00e9ges a felvi.hu rendszeren kereszt\u00fcl.<\/p>\n<p>A k\u00e9pz\u00e9s k\u00f6vetkez\u0151 \u00e9vfolyam\u00e1t, a rendelet korrekci\u00f3j\u00e1t k\u00f6vet\u0151en tervezz\u00fck ind\u00edtani.<\/p>\n<p>Amint a k\u00e9pz\u00e9s indul\u00e1s\u00e1nak id\u0151pontja \u00e9s a jelentkez\u00e9s hat\u00e1rideje nyilv\u00e1noss\u00e1 v\u00e1lik a felvi.hu rendszerben, honlapunkon is azonnal olvashat\u00f3ak lesznek az inform\u00e1ci\u00f3k.<\/p>\n<p>Az \u0171rlapon feliratkozott \u00e9rdekl\u0151d\u0151k sz\u00e1m\u00e1ra a szak ind\u00edt\u00e1s\u00e1val kapcsolatos inform\u00e1ci\u00f3kat e-mailben megk\u00fcldj\u00fck.<\/p>\n<p><a href=\"https:\/\/docs.google.com\/forms\/d\/e\/1FAIpQLSdn1_NdJF4L9KXmirbY9VDY6FoU-X11iaQOwtuIKwaYBY-rBQ\/viewform\" target=\"_blank\" rel=\"noopener\">\u0170RLAP<\/a><br \/>\n(\u00e9rdekl\u0151d\u00e9s jelz\u00e9se \u00e9s t\u00e1j\u00e9koztat\u00e1s k\u00e9r\u00e9se)<\/p>\n<p>Budapest, 2016. december 19.<\/p>\n<p>Tisztelettel:<\/p>\n<p>Dr. Pethesn\u00e9 D\u00e1vid Be\u00e1ta<br \/>\nint\u00e9zetigazgat\u00f3<\/p>\n<p>Dr. T\u00f6r\u00f6k Szabolcs<br \/>\nszakfelel\u0151s<\/p>\n","protected":false},"excerpt":{"rendered":"<p>\u00c9rtes\u00edtj\u00fck a Ment\u00e1lhigi\u00e9n\u00e9s csal\u00e1dtudom\u00e1nyi \u00e9s csal\u00e1dter\u00e1pi\u00e1s mesterk\u00e9pz\u00e9si szak ir\u00e1nt \u00e9rdekl\u0151d\u0151ket, hogy a szak 2017\/2018-as tan\u00e9vre vonatkoz\u00f3 meghirdet\u00e9s\u00e9re v\u00e1rhat\u00f3an csak 2017 els\u0151 f\u00e9l\u00e9v\u00e9ben ker\u00fcl sor. Jelenleg ez a szakunk nem lesz el\u00e9rhet\u0151 a felvi.hu rendszer\u00e9ben. Ha feliratkozik az al\u00e1bbi <a href=\"https:\/\/docs.google.com\/forms\/d\/e\/1FAIpQLSdn1_NdJF4L9KXmirbY9VDY6FoU-X11iaQOwtuIKwaYBY-rBQ\/viewform\" target=\"_blank\" rel=\"noopener\">\u0171rlapon<\/a> , a meghirdet\u00e9sr\u0151l k\u00fcl\u00f6n \u00e9rtes\u00edt\u00e9st k\u00fcld\u00fcnk \u00d6nnek. Sajn\u00e1latos m\u00f3don a 2016. \u00e9vi k\u00e9pz\u00e9si \u00e9s kimeneti k\u00f6vetelm\u00e9nyekre vonatkoz\u00f3 &hellip;<\/p>\n","protected":false},"author":101265,"featured_media":0,"comment_status":"closed","ping_status":"closed","sticky":false,"template":"","format":"standard","meta":{"_acf_changed":false,"footnotes":""},"categories":[1],"tags":[],"class_list":["post-208","post","type-post","status-publish","format-standard","hentry","category-hirek"],"acf":[],"_links":{"self":[{"href":"https:\/\/semmelweis.hu\/mental\/wp-json\/wp\/v2\/posts\/208","targetHints":{"allow":["GET"]}}],"collection":[{"href":"https:\/\/semmelweis.hu\/mental\/wp-json\/wp\/v2\/posts"}],"about":[{"href":"https:\/\/semmelweis.hu\/mental\/wp-json\/wp\/v2\/types\/post"}],"author":[{"embeddable":true,"href":"https:\/\/semmelweis.hu\/mental\/wp-json\/wp\/v2\/users\/101265"}],"replies":[{"embeddable":true,"href":"https:\/\/semmelweis.hu\/mental\/wp-json\/wp\/v2\/comments?post=208"}],"version-history":[{"count":3,"href":"https:\/\/semmelweis.hu\/mental\/wp-json\/wp\/v2\/posts\/208\/revisions"}],"predecessor-version":[{"id":2016,"href":"https:\/\/semmelweis.hu\/mental\/wp-json\/wp\/v2\/posts\/208\/revisions\/2016"}],"wp:attachment":[{"href":"https:\/\/semmelweis.hu\/mental\/wp-json\/wp\/v2\/media?parent=208"}],"wp:term":[{"taxonomy":"category","embeddable":true,"href":"https:\/\/semmelweis.hu\/mental\/wp-json\/wp\/v2\/categories?post=208"},{"taxonomy":"post_tag","embeddable":true,"href":"https:\/\/semmelweis.hu\/mental\/wp-json\/wp\/v2\/tags?post=208"}],"curies":[{"name":"wp","href":"https:\/\/api.w.org\/{rel}","templated":true}]}}