{"id":207,"date":"2018-06-08T00:00:00","date_gmt":"2018-06-07T22:00:00","guid":{"rendered":"http:\/\/semmelweis.hu\/mental\/774-antropos-konferencia-2017\/"},"modified":"2018-06-18T10:43:18","modified_gmt":"2018-06-18T08:43:18","slug":"antropos-konferencia-2017","status":"publish","type":"post","link":"https:\/\/semmelweis.hu\/mental\/2018\/06\/08\/antropos-konferencia-2017\/","title":{"rendered":"ANTROPOS-KONFERENCIA 2017"},"content":{"rendered":"<p>Az Antropos Ment\u00e1lhygi\u00e9n\u00e9s Egyes\u00fclet, a Magyar P\u00e1sztor\u00e1lpszichol\u00f3giai T\u00e1rsas\u00e1g\u00a0\u00e9s a<br \/>\nSemmelweis Egyetem Ment\u00e1lhigi\u00e9n\u00e9 Int\u00e9zete id\u00e9n is megtartja szok\u00e1sos konferenci\u00e1j\u00e1t.<br \/>\nId\u0151pontja: <span style=\"color: #ff0000;\"><strong>2017. \u00e1prilis 1.<\/strong><\/span><\/p>\n<p style=\"text-align: center;\">\u201eHa lettem \u2013 kellettem. Teh\u00e1t.\u201d<br \/>\nMent\u00e1lhigi\u00e9n\u00e9 a t\u00e1rsadalom szolg\u00e1lat\u00e1ban<\/p>\n<p><a href=\"https:\/\/semmelweis.hu\/mental\/files\/2018\/06\/Antropos_fa.jpg\"><img loading=\"lazy\" decoding=\"async\" class=\"size-medium wp-image-405 aligncenter\" src=\"https:\/\/semmelweis.hu\/mental\/files\/2018\/06\/Antropos_fa-300x169.jpg\" alt=\"\" width=\"300\" height=\"169\" srcset=\"https:\/\/semmelweis.hu\/mental\/files\/2018\/06\/Antropos_fa-300x169.jpg 300w, https:\/\/semmelweis.hu\/mental\/files\/2018\/06\/Antropos_fa-768x432.jpg 768w, https:\/\/semmelweis.hu\/mental\/files\/2018\/06\/Antropos_fa-1024x576.jpg 1024w, https:\/\/semmelweis.hu\/mental\/files\/2018\/06\/Antropos_fa-753x424.jpg 753w, https:\/\/semmelweis.hu\/mental\/files\/2018\/06\/Antropos_fa.jpg 1221w\" sizes=\"auto, (max-width: 300px) 100vw, 300px\" \/><\/a><\/p>\n<p>A konferencia c\u00edme id\u00e9zet P\u00e1sk\u00e1ndi G\u00e9za N\u00e9gy fal f\u00e1i k\u00f6z\u00f6tt c\u00edm\u0171 vers\u00e9b\u0151l. \u00c9rz\u00e9kelj\u00fck, hogy egyre t\u00f6bben ismerik fel a ment\u00e1lhigi\u00e9n\u00e9 sz\u00fcks\u00e9g\u00e9t. Kell! Sokszor m\u00e9g a rendszerekben keress\u00fck a pontos hely\u00e9t, a lehet\u0151s\u00e9g\u00e9t, de az ig\u00e9ny egyre er\u0151sebb. Teh\u00e1t feladatunk, hogy mi magunk gondolkozzunk arr\u00f3l, mit \u00e9s hogyan tudunk ny\u00fajtani a k\u00f6z\u00f6ss\u00e9gekben, a t\u00e1rsadalomban, hogy ne maradjunk a saj\u00e1t berkeinkben, a n\u00e9gy fal k\u00f6z\u00f6tt. A ment\u00e1lhigi\u00e9n\u00e9s k\u00e9pz\u00e9s\u00fcnk, amely az Antropos Egyes\u00fclet tags\u00e1g\u00e1nak nagy r\u00e9sz\u00e9t adja, id\u00e9n 30 \u00e9ves. A lelkigondoz\u00f3i k\u00e9pz\u00e9s\u00fcnk 15 \u00e9ves. \u00dcnnep, meg\u00e1ll\u00e1s, el\u0151retekint\u00e9s lesz ez a nap. El\u0151ad\u00e1sok \u00e9s m\u0171helyek. R\u00e9szletes program febru\u00e1r v\u00e9gt\u0151l a honlapon el\u00e9rhet\u0151!<\/p>\n<p dir=\"ltr\"><strong>REGISZTR\u00c1CI\u00d3<\/strong>: 2017. m\u00e1rcius 1-t\u0151l a www.antroposegyesulet.hu oldalon<br \/>\n<strong>HELYSZ\u00cdN<\/strong>: Patrona Hungariae Katolikus Iskolak\u00f6zpont (1092 Budapest, Kn\u00e9zich u. 3-13.)<br \/>\n<strong>REGISZTR\u00c1CI\u00d3S<\/strong> <strong>D\u00cdJ<\/strong>: 2.500 forint (Eb\u00e9d ig\u00e9nyl\u00e9se eset\u00e9n 3.500 forint)<br \/>\n<strong>TOV\u00c1BBI<\/strong> <strong>INFORM\u00c1CI\u00d3<\/strong>: Telefonsz\u00e1m: 0630-2064551<\/p>\n<p style=\"text-align: center;\">E-mail: <a href=\"mailto:info@antroposegyesulet.hu\">info@antroposegyesulet.hu<\/a><\/p>\n<p>\u201eA k\u00f6z\u00f6ss\u00e9gi \u00e9let, minden neh\u00e9zs\u00e9g\u00e9vel egy\u00fctt, kiv\u00e9teles teret ny\u00fajt a n\u00f6veked\u00e9shez.\u201d (Jean Vanier)<\/p>\n","protected":false},"excerpt":{"rendered":"<p>Az Antropos Ment\u00e1lhygi\u00e9n\u00e9s Egyes\u00fclet, a Magyar P\u00e1sztor\u00e1lpszichol\u00f3giai T\u00e1rsas\u00e1g\u00a0\u00e9s a Semmelweis Egyetem Ment\u00e1lhigi\u00e9n\u00e9 Int\u00e9zete id\u00e9n is megtartja szok\u00e1sos konferenci\u00e1j\u00e1t. Id\u0151pontja: 2017. \u00e1prilis 1. \u201eHa lettem \u2013 kellettem. Teh\u00e1t.\u201d Ment\u00e1lhigi\u00e9n\u00e9 a t\u00e1rsadalom szolg\u00e1lat\u00e1ban <a href=\"https:\/\/semmelweis.hu\/mental\/files\/2018\/06\/Antropos_fa.jpg\"><\/a> A konferencia c\u00edme id\u00e9zet P\u00e1sk\u00e1ndi G\u00e9za N\u00e9gy fal f\u00e1i k\u00f6z\u00f6tt c\u00edm\u0171 vers\u00e9b\u0151l. \u00c9rz\u00e9kelj\u00fck, hogy egyre t\u00f6bben ismerik fel a ment\u00e1lhigi\u00e9n\u00e9 sz\u00fcks\u00e9g\u00e9t. Kell! Sokszor m\u00e9g &hellip;<\/p>\n","protected":false},"author":101265,"featured_media":405,"comment_status":"closed","ping_status":"closed","sticky":false,"template":"","format":"standard","meta":{"_acf_changed":false,"footnotes":""},"categories":[1],"tags":[],"class_list":["post-207","post","type-post","status-publish","format-standard","has-post-thumbnail","hentry","category-hirek"],"acf":[],"_links":{"self":[{"href":"https:\/\/semmelweis.hu\/mental\/wp-json\/wp\/v2\/posts\/207","targetHints":{"allow":["GET"]}}],"collection":[{"href":"https:\/\/semmelweis.hu\/mental\/wp-json\/wp\/v2\/posts"}],"about":[{"href":"https:\/\/semmelweis.hu\/mental\/wp-json\/wp\/v2\/types\/post"}],"author":[{"embeddable":true,"href":"https:\/\/semmelweis.hu\/mental\/wp-json\/wp\/v2\/users\/101265"}],"replies":[{"embeddable":true,"href":"https:\/\/semmelweis.hu\/mental\/wp-json\/wp\/v2\/comments?post=207"}],"version-history":[{"count":5,"href":"https:\/\/semmelweis.hu\/mental\/wp-json\/wp\/v2\/posts\/207\/revisions"}],"predecessor-version":[{"id":2034,"href":"https:\/\/semmelweis.hu\/mental\/wp-json\/wp\/v2\/posts\/207\/revisions\/2034"}],"wp:featuredmedia":[{"embeddable":true,"href":"https:\/\/semmelweis.hu\/mental\/wp-json\/wp\/v2\/media\/405"}],"wp:attachment":[{"href":"https:\/\/semmelweis.hu\/mental\/wp-json\/wp\/v2\/media?parent=207"}],"wp:term":[{"taxonomy":"category","embeddable":true,"href":"https:\/\/semmelweis.hu\/mental\/wp-json\/wp\/v2\/categories?post=207"},{"taxonomy":"post_tag","embeddable":true,"href":"https:\/\/semmelweis.hu\/mental\/wp-json\/wp\/v2\/tags?post=207"}],"curies":[{"name":"wp","href":"https:\/\/api.w.org\/{rel}","templated":true}]}}