{"id":206,"date":"2018-06-08T00:00:00","date_gmt":"2018-06-07T22:00:00","guid":{"rendered":"http:\/\/semmelweis.hu\/mental\/772-laktacios-szakkonyv-elojegyzes\/"},"modified":"2018-06-18T10:38:06","modified_gmt":"2018-06-18T08:38:06","slug":"laktacios-szakkonyv-elojegyzes","status":"publish","type":"post","link":"https:\/\/semmelweis.hu\/mental\/2018\/06\/08\/laktacios-szakkonyv-elojegyzes\/","title":{"rendered":"LAKT\u00c1CI\u00d3S SZAKK\u00d6NYV: EL\u0150JEGYZ\u00c9S"},"content":{"rendered":"<p>\u00d6r\u00f6mmel \u00e9rtes\u00edtj\u00fck a t\u00e9ma ir\u00e1nt \u00e9rdekl\u0151d\u0151ket, hogy a Semmelweis Egyetem<br \/>\nMent\u00e1lhigi\u00e9n\u00e9 Int\u00e9zete megkapta a <span style=\"color: #ff0000;\"><strong>Wambach-Riordan: Breastfeeding and <\/strong><\/span><br \/>\n<span style=\"color: #ff0000;\"><strong>Human Lactation<\/strong><\/span> (5. kad\u00e1s, 2016) c. k\u00f6nyv kiad\u00e1si jog\u00e1t. A k\u00f6tet<br \/>\nel\u0151rel\u00e1that\u00f3lag k\u00e9t \u00e9ven bel\u00fcl fog megjelenni magyar nyelven.<br \/>\nKaren Wambach \u00e9s Jan Riordan Breastfeeding and Human Lactation c.<br \/>\nk\u00e9zik\u00f6nyve t\u00f6bb mint k\u00e9t \u00e9vtizede els\u0151 sz\u00e1m\u00fa referencia azon szakemberek<br \/>\nsz\u00e1m\u00e1ra, akik a szoptat\u00f3 anya-csecsem\u0151 p\u00e1ros t\u00e1mogat\u00e1s\u00e1val foglalkoznak,<br \/>\n\u00e9s els\u0151dlegesen fontosnak tartj\u00e1k, hogy bizony\u00edt\u00e9kokon alapul\u00f3<br \/>\ngyakorlatot folytassanak, amely a legfrissebb kutat\u00e1si eredm\u00e9nyeken \u00e9s a<br \/>\nleg\u00fajabb klinikai m\u00f3dszereken alapul.<br \/>\n<a href=\"https:\/\/semmelweis.hu\/mental\/files\/2018\/06\/laktacios_kotet.jpg\"><img loading=\"lazy\" decoding=\"async\" class=\"size-medium wp-image-508 alignleft\" src=\"https:\/\/semmelweis.hu\/mental\/files\/2018\/06\/laktacios_kotet-223x300.jpg\" alt=\"\" width=\"223\" height=\"300\" srcset=\"https:\/\/semmelweis.hu\/mental\/files\/2018\/06\/laktacios_kotet-223x300.jpg 223w, https:\/\/semmelweis.hu\/mental\/files\/2018\/06\/laktacios_kotet-768x1031.jpg 768w, https:\/\/semmelweis.hu\/mental\/files\/2018\/06\/laktacios_kotet-763x1024.jpg 763w, https:\/\/semmelweis.hu\/mental\/files\/2018\/06\/laktacios_kotet-753x1011.jpg 753w, https:\/\/semmelweis.hu\/mental\/files\/2018\/06\/laktacios_kotet.jpg 1248w\" sizes=\"auto, (max-width: 223px) 100vw, 223px\" \/><\/a><\/p>\n<p>A k\u00f6tet \u00f6t\u00f6dik, b\u0151v\u00edtett kiad\u00e1sa \u00e1tfog\u00f3an friss\u00edtett \u00e9s fel\u00fclvizsg\u00e1lt<br \/>\nkutat\u00e1si eredm\u00e9nyeket, hivatkoz\u00e1sokat \u00e9s k\u00e9peket tartalmaz, mik\u00f6zben<br \/>\nk\u00f6z\u00e9ppontj\u00e1ban a gyakorlat \u00e1ll. A 966 oldalnyi sz\u00f6veg teljes k\u00f6r\u0171en<br \/>\nt\u00e1rgyalja a hum\u00e1n lakt\u00e1ci\u00f3, szoptat\u00e1s \u00e9s szoptat\u00e1s t\u00e1mogat\u00e1s valamennyi<br \/>\nt\u00e9m\u00e1j\u00e1t a biol\u00f3giai alapokt\u00f3l az anya \u00e9s a csecsem\u0151 k\u00f3r\u00e1llapotain \u00e1t a<br \/>\nszociokultur\u00e1lis vonatkoz\u00e1sokig. A szakk\u00f6nyv &#8211; t\u00f6bbek k\u00f6z\u00f6tt &#8211; kit\u00e9r az<br \/>\nanyatejgy\u0171jt\u00e9s, a szoptat\u00e1st seg\u00edt\u0151 eszk\u00f6z\u00f6k, a szoptat\u00e1si tan\u00e1csad\u00e1s, a<br \/>\nszoptat\u00e1s n\u00e9pszer\u0171s\u00edt\u00e9se, tov\u00e1bb\u00e1 a lakt\u00e1ci\u00f3val kapcsolatos kutat\u00e1s, a<br \/>\nkutat\u00e1si eredm\u00e9nyek elemz\u00e9s\u00e9nek k\u00e9rd\u00e9seire is.<\/p>\n<p>A tervezett 19.000 Ft elad\u00e1si \u00e1rb\u00f3l 25% kedvezm\u00e9nnyel el\u0151jegyz\u00e9si<br \/>\nlehet\u0151s\u00e9get biztos\u00edtunk a magyar nyelv\u0171 kiad\u00e1sra <span style=\"color: #ff0000;\"><strong>2017. \u00e1prilis 30-ig<\/strong><\/span>.<br \/>\n(Az aj\u00e1nlat szem\u00e9lyes \u00e1tv\u00e9telre sz\u00f3l, ut\u00e1nv\u00e9t eset\u00e9n a postak\u00f6lts\u00e9g a<br \/>\nmegrendel\u0151t terheli.)<\/p>\n<p>Ha szeretn\u00e9 el\u0151jegyezni a k\u00f6nyvet, k\u00e9rj\u00fck, t\u00f6ltse ki <a href=\"https:\/\/docs.google.com\/forms\/d\/e\/1FAIpQLScKG3edJ2kBkz6woiWVOPaBtLGHmeZAGV_LwHG5rr13me4P1g\/viewform\" target=\"_blank\" rel=\"noopener\">az itt tal\u00e1lhat\u00f3 \u0171rlapot<\/a>!<\/p>\n","protected":false},"excerpt":{"rendered":"<p>\u00d6r\u00f6mmel \u00e9rtes\u00edtj\u00fck a t\u00e9ma ir\u00e1nt \u00e9rdekl\u0151d\u0151ket, hogy a Semmelweis Egyetem Ment\u00e1lhigi\u00e9n\u00e9 Int\u00e9zete megkapta a Wambach-Riordan: Breastfeeding and Human Lactation (5. kad\u00e1s, 2016) c. k\u00f6nyv kiad\u00e1si jog\u00e1t. A k\u00f6tet el\u0151rel\u00e1that\u00f3lag k\u00e9t \u00e9ven bel\u00fcl fog megjelenni magyar nyelven. Karen Wambach \u00e9s Jan Riordan Breastfeeding and Human Lactation c. k\u00e9zik\u00f6nyve t\u00f6bb mint k\u00e9t \u00e9vtizede els\u0151 sz\u00e1m\u00fa referencia azon &hellip;<\/p>\n","protected":false},"author":101265,"featured_media":508,"comment_status":"closed","ping_status":"closed","sticky":false,"template":"","format":"standard","meta":{"_acf_changed":false,"footnotes":""},"categories":[1],"tags":[],"class_list":["post-206","post","type-post","status-publish","format-standard","has-post-thumbnail","hentry","category-hirek"],"acf":[],"_links":{"self":[{"href":"https:\/\/semmelweis.hu\/mental\/wp-json\/wp\/v2\/posts\/206","targetHints":{"allow":["GET"]}}],"collection":[{"href":"https:\/\/semmelweis.hu\/mental\/wp-json\/wp\/v2\/posts"}],"about":[{"href":"https:\/\/semmelweis.hu\/mental\/wp-json\/wp\/v2\/types\/post"}],"author":[{"embeddable":true,"href":"https:\/\/semmelweis.hu\/mental\/wp-json\/wp\/v2\/users\/101265"}],"replies":[{"embeddable":true,"href":"https:\/\/semmelweis.hu\/mental\/wp-json\/wp\/v2\/comments?post=206"}],"version-history":[{"count":3,"href":"https:\/\/semmelweis.hu\/mental\/wp-json\/wp\/v2\/posts\/206\/revisions"}],"predecessor-version":[{"id":2030,"href":"https:\/\/semmelweis.hu\/mental\/wp-json\/wp\/v2\/posts\/206\/revisions\/2030"}],"wp:featuredmedia":[{"embeddable":true,"href":"https:\/\/semmelweis.hu\/mental\/wp-json\/wp\/v2\/media\/508"}],"wp:attachment":[{"href":"https:\/\/semmelweis.hu\/mental\/wp-json\/wp\/v2\/media?parent=206"}],"wp:term":[{"taxonomy":"category","embeddable":true,"href":"https:\/\/semmelweis.hu\/mental\/wp-json\/wp\/v2\/categories?post=206"},{"taxonomy":"post_tag","embeddable":true,"href":"https:\/\/semmelweis.hu\/mental\/wp-json\/wp\/v2\/tags?post=206"}],"curies":[{"name":"wp","href":"https:\/\/api.w.org\/{rel}","templated":true}]}}