{"id":205,"date":"2018-06-08T00:00:00","date_gmt":"2018-06-07T22:00:00","guid":{"rendered":"http:\/\/semmelweis.hu\/mental\/777-cura-mentis-recenziok\/"},"modified":"2018-06-18T10:34:40","modified_gmt":"2018-06-18T08:34:40","slug":"cura-mentis-recenziok","status":"publish","type":"post","link":"https:\/\/semmelweis.hu\/mental\/2018\/06\/08\/cura-mentis-recenziok\/","title":{"rendered":"CURA MENTIS: RECENZI\u00d3K"},"content":{"rendered":"<p><a href=\"https:\/\/semmelweis.hu\/mental\/files\/2018\/06\/00-TFS-70-A0-Borito-17-1-fekete-_1.jpg\"><img loading=\"lazy\" decoding=\"async\" class=\"size-medium wp-image-397 alignleft\" src=\"https:\/\/semmelweis.hu\/mental\/files\/2018\/06\/00-TFS-70-A0-Borito-17-1-fekete-_1-207x300.jpg\" alt=\"\" width=\"207\" height=\"300\" srcset=\"https:\/\/semmelweis.hu\/mental\/files\/2018\/06\/00-TFS-70-A0-Borito-17-1-fekete-_1-207x300.jpg 207w, https:\/\/semmelweis.hu\/mental\/files\/2018\/06\/00-TFS-70-A0-Borito-17-1-fekete-_1-768x1113.jpg 768w, https:\/\/semmelweis.hu\/mental\/files\/2018\/06\/00-TFS-70-A0-Borito-17-1-fekete-_1-707x1024.jpg 707w, https:\/\/semmelweis.hu\/mental\/files\/2018\/06\/00-TFS-70-A0-Borito-17-1-fekete-_1-753x1091.jpg 753w, https:\/\/semmelweis.hu\/mental\/files\/2018\/06\/00-TFS-70-A0-Borito-17-1-fekete-_1.jpg 951w\" sizes=\"auto, (max-width: 207px) 100vw, 207px\" \/><\/a>Cura Mentis &#8211; Salus Populi: Ment\u00e1lhigi\u00e9n\u00e9 a t\u00e1rsadalom szolg\u00e1lat\u00e1ban: \u00dcnnepi k\u00f6tet Tomcs\u00e1nyi Teod\u00f3ra 70. sz\u00fclet\u00e9snapj\u00e1ra \/ Festschrift f\u00fcr Teod\u00f3ra Tomcs\u00e1nyi zum 70. Geburtstag c\u00edm\u0171 k\u00f6tetnek, melynek szerz\u0151i k\u00f6z\u00f6tt sok munkat\u00e1rsunk fellelhet\u0151, az elm\u00falt \u00e9vekben sz\u00e1mos recenzi\u00f3ja megjelent.<\/p>\n<p>Szerkeszt\u0151: Ittz\u00e9s G\u00e1bor<\/p>\n<p>(Interdiszciplin\u00e1ris szakk\u00f6nyvt\u00e1r 9. Semmelweis Egyetem EKK Ment\u00e1lhigi\u00e9n\u00e9 Int\u00e9zet, Budapest 2013). 572 oldal<br \/>\nKaphat\u00f3: <a href=\"https:\/\/semmelweis.hu\/mental\/az-intezet\/kiadvanyok\/konyvek\/\" target=\"_blank\" rel=\"noopener\">itt<\/a>.<\/p>\n<p><span style=\"color: #ff0000;\"><strong>Eddig megjelent recenzi\u00f3k:<\/strong><\/span><\/p>\n<p>&#8211; Hamvas Edina, \u2018Cura mentis\u2026 [k\u00f6tet adatai]\u2019, Psychiatria Hungarica 31:1 (2016) 92\u201394.<br \/>\n&#8211; L\u0151rincz Jen\u0151, \u2018Ittz\u00e9s G\u00e1bor (szerk.)\u2026 [k\u00f6tet adatai]\u2019, Ment\u00e1lhigi\u00e9n\u00e9 \u00e9s Pszichoszomatika 16:4 (2015) 374\u2013378.<br \/>\n&#8211; Ny\u00e1ry P\u00e9ter, \u2018Cura mentis\u2026 [k\u00f6tet adatai]\u2019, Pszichodr\u00e1ma \u00dajs\u00e1g 22. sz. (2014. \u0151sz) 113\u2013114.<br \/>\n&#8211; \u00d3nody Sarolta, \u2018A ment\u00e1lhigi\u00e9n\u00e9 magyarorsz\u00e1gi iskolateremt\u0151 alakja: K\u00f6sz\u00f6nt\u0151 k\u00f6tetek Tomcs\u00e1nyi Teod\u00f3ra 70. sz\u00fclet\u00e9snapj\u00e1ra\u2019, Kereszt\u00e9ny Sz\u00f3 (Kolozsv\u00e1r) 25:7 (2016. j\u00fal.) 19\u201323. [<a href=\"https:\/\/keresztenyszo.verbumkiado.ro\/archivum\/2016\/julius\/6.html\" target=\"_blank\" rel=\"noopener\">https:\/\/keresztenyszo.verbumkiado.ro\/archivum\/2016\/julius\/6.html<\/a>]<br \/>\n&#8211; Paneth G\u00e1bor, \u2018Ment\u00e1lhigi\u00e9n\u00e9 a t\u00e1rsadalom szolg\u00e1lat\u00e1ban\u2019, Embert\u00e1rs 13:1 (2015. \u00e1pr.) 93\u201396.<br \/>\n&#8211; S. Petik Krisztina, \u2018Ittz\u00e9s G\u00e1bor (szerk.)\u2026 [k\u00f6tet adatai]\u2019, Sapientiana 7:1 (2014) 134\u2013135.<br \/>\n&#8211; Tr\u00f3bert Anett M\u00e1ria \u2018Egy \u00e9let a lelki eg\u00e9szs\u00e9g szolg\u00e1lat\u00e1ban\u2019, Credo 21:4 (2015) 71\u201373.<br \/>\n&#8211; Tr\u00f3bert Anett M\u00e1ria, \u2018A Life in the Service of Mental Health\u2019, EJMH 11 (2016) 157\u2013160.<\/p>\n<p><span style=\"color: #ff0000;\"><strong>Tartalomjegyz\u00e9k<\/strong><\/span><\/p>\n<p><strong>I Tudom\u00e1ny<\/strong><br \/>\nMesterek: Freud \u00e9s Moreno<br \/>\nPatrick Luyten &amp; Jozef Corveleyn (B): &#8222;Freud-Bashing in der Kritik: Der Fall Isra\u00ebls&#8221;<br \/>\nSusanne Heine (A): &#8222;Leben is wenig erfreulich: Eine Exegese von Sigmund Freuds Zukunft einer Illusion&#8221;<br \/>\nGrete Leutz (D): &#8222;Der Umgang mit der Zeit, insbesondere der Vergangenheit, bei Freud und Moreno&#8221;<br \/>\nA ment\u00e1lhigi\u00e9n\u00e9 elm\u00e9lete<br \/>\nNagy Endre (SEMhi): &#8222;Pol\u00e1nyi kit\u00f6r\u00e9s (breaking out) fogalm\u00e1nak magyar\u00e1zata: Adal\u00e9k a ment\u00e1lhigi\u00e9n\u00e9 elm\u00e9let\u00e9hez&#8221;<br \/>\nPatsch Ferenc (H): &#8222;T\u00fal a fels\u0151bbrend\u0171s\u00e9gi komplexuson: Ment\u00e1lhigi\u00e9n\u00e9s szeml\u00e9let \u00e9s vall\u00e1sfiloz\u00f3fiai reflexi\u00f3&#8221;<br \/>\nVarga K\u00e1roly (H): &#8222;Reflexi\u00f3k a vall\u00e1s \u00e9s a lelki eg\u00e9szs\u00e9g kapcsolat\u00e1ra: T\u00f6red\u00e9k&#8221;<br \/>\n<strong>II Gyakorlat<\/strong><br \/>\nPszichoter\u00e1pia<br \/>\nPerczel Forintos D\u00f3ra (SE): &#8222;Kif\u00fcrk\u00e9szhetetlen utak\u2026&#8221;<br \/>\nKr\u00fcger, Reinhard T. (D): &#8222;Warum es wichtig ist, spielen zu lernen: Die zeitgem\u00e4\u00dfe Anwendung der st\u00f6rungsspezifischen Psychotherapie von psychotisch erkrankten Menschen nach Moreno&#8221;<br \/>\nCs\u00e1ky-Pallavicini Krisztina &amp; Mil\u00e1k Piroska (H): &#8222;Amikor a bels\u0151 vil\u00e1g k\u00fcls\u0151v\u00e9 v\u00e1lik: Szempontok szem\u00e9lyis\u00e9gzavarban szenved\u0151 p\u00e1ciensek egy\u00e9ni pszichodr\u00e1ma-pszichoter\u00e1pi\u00e1j\u00e1hoz&#8221;<br \/>\nPszichodr\u00e1ma<br \/>\nT\u00f6r\u00f6k Szabolcs (SEMhI): &#8222;Antiszerepj\u00e1t\u00e9k az \u00f6nismereti pszichodr\u00e1m\u00e1ban&#8221;<br \/>\nSarkady Kamilla (H): &#8222;\u201eKeresd a b\u00e9k\u00e9t \u00e9s j\u00e1rj ut\u00e1na\u201d: Megbocs\u00e1t\u00e1s a pszichodr\u00e1ma sz\u00ednpad\u00e1n&#8221;<br \/>\nMarlok Zsuzsa (SEMhI): &#8222;\u201eFel h\u00e1t sz\u00edvem: B\u00facs\u00fazz \u00faj gy\u00f3gyul\u00e1sra!\u201d Biztons\u00e1gban elengedni a pszichodr\u00e1ma sz\u00ednpad\u00e1n&#8221;<br \/>\nSallay Viola &amp; Martos Tam\u00e1s (SEMhI): &#8222;Transzgener\u00e1ci\u00f3s kapcsolatrendszerek szobrai&#8221;<br \/>\nLelkigondoz\u00e1s<br \/>\nT\u00e9senyi T\u00edmea (SEMhI): &#8222;A modern k\u00f3rh\u00e1zi lelkigondoz\u00f3i szeml\u00e9let kialakul\u00e1sa&#8221;<br \/>\nN\u00e9meth D\u00e1vid (H): &#8222;Logoter\u00e1pia \u00e9s lelkigondoz\u00e1s&#8221;<br \/>\nSteinkamp, Hermann (D): &#8222;Ehrenamt: Wege, Modelle und Projekte zur St\u00e4rkung von Gemeinschaft&#8221;<br \/>\n<strong>III Oktat\u00e1s<\/strong><br \/>\nPedag\u00f3gia<br \/>\nGombocz J\u00e1nos (SE): &#8222;\u201eMi, akik k\u00f6zep\u00e9t keress\u00fck, csak sz\u00e9lein j\u00e1runk\u201d: A hazai sportpedag\u00f3gia n\u00e9h\u00e1ny probl\u00e9m\u00e1ja&#8221;<br \/>\nMette, Norbert (D): &#8222;Aktuelle Herausforderungen und Aufgaben religi\u00f6ser Begleitung und Bildung im Kleinkindalter&#8221;<br \/>\nSemsey G\u00e1bor (SEMhI): &#8222;Iskolai szexu\u00e1lis nevel\u00e9s Magyarorsz\u00e1gon&#8221;<br \/>\nMent\u00e1lhigi\u00e9n\u00e9s szakemberk\u00e9pz\u00e9s<br \/>\nMeulink-Korf, Hanneke (NL): &#8222;In Begegnung: Ans\u00e4tze zur Weiterbildung des Pfarrers\/Theologen, entstanden in der Praxis der (holl\u00e4ndischen) postgraduellen Ausbildung kontextueller intergenerationeller Seelsorge, die sich an Ivan B\u00f6sz\u00f6rm\u00e9nyi-Nagy orientiert&#8221;<br \/>\nWittrahm, Andreas (D): &#8222;\u201eEtwas vom Leben, vom Lieben, vom Glauben verstehen\u201c: Psychologische Beitr\u00e4ge zur Weiterbildung von Seelsorgern, Pastoralpsychologen, P\u00e4dagogen, psychologischen Beratern und Mitarbeitern im Gesundheitswesen&#8221;<br \/>\nT\u00f6r\u00f6k G\u00e1bor &amp; Jo\u00f3b M\u00e1t\u00e9 (SEMhI): &#8222;A ment\u00e1lhigi\u00e9n\u00e9s szeml\u00e9let jelent\u0151s\u00e9ge \u00e9s integr\u00e1l\u00e1sa a lelkigondoz\u00e1sban&#8221;<br \/>\n<strong>IV Kutat\u00e1s<\/strong><br \/>\nVall\u00e1s \u00e9s spiritualit\u00e1s a t\u00e1rsadalomban<br \/>\nT\u00fary Ferenc, L\u00e1z\u00e1r Imre, Zsink\u00f3-Szab\u00f3 Zolt\u00e1n &amp; Mezei \u00c1gnes (SE):&#8221;Az \u00e9tel \u00e9rt\u00e9ke az ev\u00e9szavarok h\u00e1tter\u00e9ben: Spiritu\u00e1lis szempontok&#8221;<br \/>\nJ\u00e4ggle, Martin (A): &#8222;Religionssensible Bildung&#8221;<br \/>\nLadenhauf, Karl-Heinz (A): &#8222;Die Autorit\u00e4t der Leidenden: Pastoralpsychologie als Konkretisierung von Diakonie\u201d<br \/>\nM\u00f3dszertan \u00e9s emp\u00edria a pszichol\u00f3gi\u00e1ban<br \/>\nEhmann Bea (H): &#8222;Nyelvtechnol\u00f3gia \u00e9s pszichol\u00f3giai tartalomelemz\u00e9s&#8221;<br \/>\nH\u00e1mori Eszter (H): &#8222;A Korasz\u00fcl\u0151 Interj\u00fa a sz\u00fcl\u0151-csecsem\u0151 kutat\u00e1sban: A fejl\u0151d\u00e9si rizik\u00f3 program a P\u00e1zm\u00e1nyon&#8221;<br \/>\nVargha Andr\u00e1s &amp; Cs\u00e1sz\u00e1r-Nagy No\u00e9mi (H): &#8222;A szem\u00e9ly nem\u00e9nek hat\u00e1sa a Rorschach-teszt vulger v\u00e1laszaira&#8221;<br \/>\nSipos Korn\u00e9l (SE): &#8222;Megk\u00fczd\u00e9si strat\u00e9gi\u00e1k: Testnevel\u00e9si, sporttudom\u00e1nyi \u00e9s eg\u00e9szs\u00e9gtudom\u00e1nyi egyetemi hallgat\u00f3k szorong\u00e1s-, k\u00edv\u00e1ncsis\u00e1g-, harag- \u00e9s depresszi\u00f3-, valamint \u00e9nhat\u00e9konys\u00e1g-mutat\u00f3inak \u00f6sszehasonl\u00edt\u00f3 vizsg\u00e1lata&#8221;<br \/>\nT\u00e1rsadalomkutat\u00e1s: emp\u00edria a pszichol\u00f3gia \u00e9s a szociol\u00f3gia hat\u00e1rter\u00fcletein<br \/>\nT\u00f6r\u00f6k P\u00e9ter &amp; Ittz\u00e9s Andr\u00e1s (SEMhI): &#8222;Lehet-e sz\u00f6vets\u00e9g a kereszt\u00e9nyek \u00e9s muszlimok k\u00f6zt a h\u00e1zass\u00e1g \u00e9s csal\u00e1d v\u00e9delm\u00e9ben?&#8221;<br \/>\nHorv\u00e1th-Szab\u00f3 Katalin &amp; D\u00e1vid Be\u00e1ta (SEMhI): &#8222;A csal\u00e1di \u00e9s a kort\u00e1rst\u00e1mogat\u00e1s \u00f6sszef\u00fcgg\u00e9sei serd\u00fcl\u0151k k\u00f6r\u00e9ben&#8221;<br \/>\nIttz\u00e9s G\u00e1bor, Pilinszki Attila, B\u00e9res Orsolya &amp; Sipos Bernadett (SEMhI):&#8221;A Rokeach-sk\u00e1la \u00fcdv\u00f6z\u00fcl\u00e9s itemje mint vall\u00e1soss\u00e1gprediktor&#8221;<\/p>\n","protected":false},"excerpt":{"rendered":"<p><a href=\"https:\/\/semmelweis.hu\/mental\/files\/2018\/06\/00-TFS-70-A0-Borito-17-1-fekete-_1.jpg\"><\/a> Cura Mentis &#8211; Salus Populi: Ment\u00e1lhigi\u00e9n\u00e9 a t\u00e1rsadalom szolg\u00e1lat\u00e1ban: \u00dcnnepi k\u00f6tet Tomcs\u00e1nyi Teod\u00f3ra 70. sz\u00fclet\u00e9snapj\u00e1ra \/ Festschrift f\u00fcr Teod\u00f3ra Tomcs\u00e1nyi zum 70. Geburtstag c\u00edm\u0171 k\u00f6tetnek, melynek szerz\u0151i k\u00f6z\u00f6tt sok munkat\u00e1rsunk fellelhet\u0151, az elm\u00falt \u00e9vekben sz\u00e1mos recenzi\u00f3ja megjelent. Szerkeszt\u0151: Ittz\u00e9s G\u00e1bor (Interdiszciplin\u00e1ris szakk\u00f6nyvt\u00e1r 9. Semmelweis Egyetem EKK Ment\u00e1lhigi\u00e9n\u00e9 Int\u00e9zet, Budapest 2013). 572 oldal Kaphat\u00f3: <a href=\"https:\/\/semmelweis.hu\/mental\/az-intezet\/kiadvanyok\/konyvek\/\" target=\"_blank\" rel=\"noopener\">itt<\/a> . Eddig &hellip;<\/p>\n","protected":false},"author":101265,"featured_media":397,"comment_status":"closed","ping_status":"closed","sticky":false,"template":"","format":"standard","meta":{"_acf_changed":false,"footnotes":""},"categories":[1],"tags":[],"class_list":["post-205","post","type-post","status-publish","format-standard","has-post-thumbnail","hentry","category-hirek"],"acf":[],"_links":{"self":[{"href":"https:\/\/semmelweis.hu\/mental\/wp-json\/wp\/v2\/posts\/205","targetHints":{"allow":["GET"]}}],"collection":[{"href":"https:\/\/semmelweis.hu\/mental\/wp-json\/wp\/v2\/posts"}],"about":[{"href":"https:\/\/semmelweis.hu\/mental\/wp-json\/wp\/v2\/types\/post"}],"author":[{"embeddable":true,"href":"https:\/\/semmelweis.hu\/mental\/wp-json\/wp\/v2\/users\/101265"}],"replies":[{"embeddable":true,"href":"https:\/\/semmelweis.hu\/mental\/wp-json\/wp\/v2\/comments?post=205"}],"version-history":[{"count":5,"href":"https:\/\/semmelweis.hu\/mental\/wp-json\/wp\/v2\/posts\/205\/revisions"}],"predecessor-version":[{"id":2028,"href":"https:\/\/semmelweis.hu\/mental\/wp-json\/wp\/v2\/posts\/205\/revisions\/2028"}],"wp:featuredmedia":[{"embeddable":true,"href":"https:\/\/semmelweis.hu\/mental\/wp-json\/wp\/v2\/media\/397"}],"wp:attachment":[{"href":"https:\/\/semmelweis.hu\/mental\/wp-json\/wp\/v2\/media?parent=205"}],"wp:term":[{"taxonomy":"category","embeddable":true,"href":"https:\/\/semmelweis.hu\/mental\/wp-json\/wp\/v2\/categories?post=205"},{"taxonomy":"post_tag","embeddable":true,"href":"https:\/\/semmelweis.hu\/mental\/wp-json\/wp\/v2\/tags?post=205"}],"curies":[{"name":"wp","href":"https:\/\/api.w.org\/{rel}","templated":true}]}}