{"id":2041,"date":"2018-06-18T10:55:48","date_gmt":"2018-06-18T08:55:48","guid":{"rendered":"http:\/\/semmelweis.hu\/mental\/?p=2041"},"modified":"2018-06-18T10:55:48","modified_gmt":"2018-06-18T08:55:48","slug":"antropos-eft-muhely","status":"publish","type":"post","link":"https:\/\/semmelweis.hu\/mental\/2018\/06\/18\/antropos-eft-muhely\/","title":{"rendered":"Antropos EFT-M\u0171hely"},"content":{"rendered":"<p>Szeretettel v\u00e1runk minden \u00e9rdekl\u0151d\u0151t a soron k\u00f6vetkez\u0151 EFT M\u0171hely\u00fcnkbe!<br \/>\nId\u0151pont: m\u00e1rcius 1, szerda d\u00e9lut\u00e1n 15-17 \u00f3r\u00e1ig<br \/>\nHelysz\u00edne: SE NET, Budapest IX. ker Nagyv\u00e1rad t\u00e9r 4. fszt 81.<\/p>\n<p>A d\u00e9lut\u00e1n programja, t\u00e9m\u00e1k:<br \/>\n14.45-15.00 \u00c9rkez\u00e9s<br \/>\n15.00-15.15 Bejelentkez\u0151 k\u00f6r<\/p>\n<p>15.15-16.45 \u00c1ttekint\u00e9s az EFT ter\u00e1pi\u00e1s \u00edv\u00e9r\u0151l<br \/>\nHelyzetgyakorlat- az els\u0151 szakaszb\u00f3l, a negat\u00edv ciklus kibont\u00e1sa<br \/>\nSaj\u00e1t eset refer\u00e1l\u00e1sra lehet\u0151s\u00e9g-k\u00f6z\u00f6s reflexi\u00f3<br \/>\n(Dr. T\u00f6r\u00f6k Szabolcs)<\/p>\n<p>16.45-17 Z\u00e1r\u00f3 k\u00f6r, visszajelz\u00e9sek<\/p>\n<p>K\u00e9r\u00fcnk Benneteket, ha valaki sz\u00edvesen hozna esetet, jelezze el\u0151re. (az externship jegyzet 38. oldal seg\u00edts\u00e9g lehet a felk\u00e9sz\u00fcl\u00e9shez)<br \/>\nhelysz\u00edne: SE NET, Budapest IX. ker Nagyv\u00e1rad t\u00e9r 4. fszt 81. terem.<br \/>\nszervez\u0151, h\u00e1zigazda, tov\u00e1bbi inform\u00e1ci\u00f3: Guba Judit (20\/3369349, <a href=\"mailto:gubajudi@gmail.com\">gubajudi@gmail.com<\/a>)<br \/>\nr\u00e9szv\u00e9teli d\u00edj: 2000Ft<br \/>\nJelentkez\u00e9s: febru\u00e1r 27-ig <a href=\"mailto:gubajudi@gmail.com\">gubajudi@gmail.com<\/a><br \/>\nAz alkalom csal\u00e1dokkal foglalkoz\u00f3 szakemberek sz\u00e1m\u00e1ra nyitott.<br \/>\nA k\u00f6vetkez\u0151, egyben az idei tan\u00e9vben az utols\u00f3 alkalmunk m\u00e1jus 3-\u00e1n lesz.<\/p>\n","protected":false},"excerpt":{"rendered":"<p>Szeretettel v\u00e1runk minden \u00e9rdekl\u0151d\u0151t a soron k\u00f6vetkez\u0151 EFT M\u0171hely\u00fcnkbe! Id\u0151pont: m\u00e1rcius 1, szerda d\u00e9lut\u00e1n 15-17 \u00f3r\u00e1ig Helysz\u00edne: SE NET, Budapest IX. ker Nagyv\u00e1rad t\u00e9r 4. fszt 81. A d\u00e9lut\u00e1n programja, t\u00e9m\u00e1k: 14.45-15.00 \u00c9rkez\u00e9s 15.00-15.15 Bejelentkez\u0151 k\u00f6r 15.15-16.45 \u00c1ttekint\u00e9s az EFT ter\u00e1pi\u00e1s \u00edv\u00e9r\u0151l Helyzetgyakorlat- az els\u0151 szakaszb\u00f3l, a negat\u00edv ciklus kibont\u00e1sa Saj\u00e1t eset refer\u00e1l\u00e1sra lehet\u0151s\u00e9g-k\u00f6z\u00f6s reflexi\u00f3 &hellip;<\/p>\n","protected":false},"author":101265,"featured_media":616,"comment_status":"closed","ping_status":"closed","sticky":false,"template":"","format":"standard","meta":{"_acf_changed":false,"footnotes":""},"categories":[1],"tags":[],"class_list":["post-2041","post","type-post","status-publish","format-standard","has-post-thumbnail","hentry","category-hirek"],"acf":[],"_links":{"self":[{"href":"https:\/\/semmelweis.hu\/mental\/wp-json\/wp\/v2\/posts\/2041","targetHints":{"allow":["GET"]}}],"collection":[{"href":"https:\/\/semmelweis.hu\/mental\/wp-json\/wp\/v2\/posts"}],"about":[{"href":"https:\/\/semmelweis.hu\/mental\/wp-json\/wp\/v2\/types\/post"}],"author":[{"embeddable":true,"href":"https:\/\/semmelweis.hu\/mental\/wp-json\/wp\/v2\/users\/101265"}],"replies":[{"embeddable":true,"href":"https:\/\/semmelweis.hu\/mental\/wp-json\/wp\/v2\/comments?post=2041"}],"version-history":[{"count":1,"href":"https:\/\/semmelweis.hu\/mental\/wp-json\/wp\/v2\/posts\/2041\/revisions"}],"predecessor-version":[{"id":2042,"href":"https:\/\/semmelweis.hu\/mental\/wp-json\/wp\/v2\/posts\/2041\/revisions\/2042"}],"wp:featuredmedia":[{"embeddable":true,"href":"https:\/\/semmelweis.hu\/mental\/wp-json\/wp\/v2\/media\/616"}],"wp:attachment":[{"href":"https:\/\/semmelweis.hu\/mental\/wp-json\/wp\/v2\/media?parent=2041"}],"wp:term":[{"taxonomy":"category","embeddable":true,"href":"https:\/\/semmelweis.hu\/mental\/wp-json\/wp\/v2\/categories?post=2041"},{"taxonomy":"post_tag","embeddable":true,"href":"https:\/\/semmelweis.hu\/mental\/wp-json\/wp\/v2\/tags?post=2041"}],"curies":[{"name":"wp","href":"https:\/\/api.w.org\/{rel}","templated":true}]}}