{"id":204,"date":"2018-06-08T00:00:00","date_gmt":"2018-06-07T22:00:00","guid":{"rendered":"http:\/\/semmelweis.hu\/mental\/782-mental-zarovizsga-lehetosege\/"},"modified":"2018-06-18T10:29:01","modified_gmt":"2018-06-18T08:29:01","slug":"mental-zarovizsga-lehetosege","status":"publish","type":"post","link":"https:\/\/semmelweis.hu\/mental\/2018\/06\/08\/mental-zarovizsga-lehetosege\/","title":{"rendered":"MENT\u00c1L Z\u00c1R\u00d3VIZSGA LEHET\u0150S\u00c9GE"},"content":{"rendered":"<p>Kor\u00e1bban abszolut\u00f3riumot szerzett hallgat\u00f3ink sz\u00e1m\u00e1ra id\u00e9n is lehet\u0151s\u00e9get biztos\u00edtunk arra, hogy diplom\u00e1t szerezzenek.<br \/>\nZ\u00e1r\u00f3vizsga id\u0151pontja: 2017. j\u00fanius 19. 9.30; helysz\u00edne: NET 19. emelet<br \/>\nZ\u00e1r\u00f3dolgozat lead\u00e1si hat\u00e1rid\u0151: 2017. m\u00e1jus 5.; helysz\u00edne: NET Fszt. 74. (Vajk\u00f3 Erzs\u00e9betn\u00e9l a honlapon tal\u00e1lhat\u00f3 f\u00e9lfogad\u00e1si id\u0151ben).<br \/>\nA tanulm\u00e1nyi \u00e9s Neptunnal kapcsolatos k\u00e9rd\u00e9seitekkel a Tanulm\u00e1nyi Csoporthoz fordulhattok (b\u0151vebben a <a href=\"https:\/\/semmelweis.hu\/mental\/tanulmanyi-ugyek\/\" target=\"_blank\" rel=\"noopener\">honlapon<\/a>), a vizsg\u00e1val kapcsolatosan, ha b\u00e1rmi k\u00e9rd\u00e9setek van, Asztalos Bernadettn\u00e9l \u00e9rdekl\u0151dhettek<br \/>\n<a href=\"mailto:asztalos.bernadett@public.semmelweis-univ.hu\">asztalos.bernadett@public.semmelweis-univ.hu<\/a>; 06-1-459-1500 mell\u00e9k: 56529).<\/p>\n","protected":false},"excerpt":{"rendered":"<p>Kor\u00e1bban abszolut\u00f3riumot szerzett hallgat\u00f3ink sz\u00e1m\u00e1ra id\u00e9n is lehet\u0151s\u00e9get biztos\u00edtunk arra, hogy diplom\u00e1t szerezzenek. Z\u00e1r\u00f3vizsga id\u0151pontja: 2017. j\u00fanius 19. 9.30; helysz\u00edne: NET 19. emelet Z\u00e1r\u00f3dolgozat lead\u00e1si hat\u00e1rid\u0151: 2017. m\u00e1jus 5.; helysz\u00edne: NET Fszt. 74. (Vajk\u00f3 Erzs\u00e9betn\u00e9l a honlapon tal\u00e1lhat\u00f3 f\u00e9lfogad\u00e1si id\u0151ben). A tanulm\u00e1nyi \u00e9s Neptunnal kapcsolatos k\u00e9rd\u00e9seitekkel a Tanulm\u00e1nyi Csoporthoz fordulhattok (b\u0151vebben a <a href=\"https:\/\/semmelweis.hu\/mental\/tanulmanyi-ugyek\/\" target=\"_blank\" rel=\"noopener\">honlapon<\/a> ), a vizsg\u00e1val &hellip;<\/p>\n","protected":false},"author":101265,"featured_media":852,"comment_status":"closed","ping_status":"closed","sticky":false,"template":"","format":"standard","meta":{"_acf_changed":false,"footnotes":""},"categories":[1],"tags":[],"class_list":["post-204","post","type-post","status-publish","format-standard","has-post-thumbnail","hentry","category-hirek"],"acf":[],"_links":{"self":[{"href":"https:\/\/semmelweis.hu\/mental\/wp-json\/wp\/v2\/posts\/204","targetHints":{"allow":["GET"]}}],"collection":[{"href":"https:\/\/semmelweis.hu\/mental\/wp-json\/wp\/v2\/posts"}],"about":[{"href":"https:\/\/semmelweis.hu\/mental\/wp-json\/wp\/v2\/types\/post"}],"author":[{"embeddable":true,"href":"https:\/\/semmelweis.hu\/mental\/wp-json\/wp\/v2\/users\/101265"}],"replies":[{"embeddable":true,"href":"https:\/\/semmelweis.hu\/mental\/wp-json\/wp\/v2\/comments?post=204"}],"version-history":[{"count":4,"href":"https:\/\/semmelweis.hu\/mental\/wp-json\/wp\/v2\/posts\/204\/revisions"}],"predecessor-version":[{"id":2024,"href":"https:\/\/semmelweis.hu\/mental\/wp-json\/wp\/v2\/posts\/204\/revisions\/2024"}],"wp:featuredmedia":[{"embeddable":true,"href":"https:\/\/semmelweis.hu\/mental\/wp-json\/wp\/v2\/media\/852"}],"wp:attachment":[{"href":"https:\/\/semmelweis.hu\/mental\/wp-json\/wp\/v2\/media?parent=204"}],"wp:term":[{"taxonomy":"category","embeddable":true,"href":"https:\/\/semmelweis.hu\/mental\/wp-json\/wp\/v2\/categories?post=204"},{"taxonomy":"post_tag","embeddable":true,"href":"https:\/\/semmelweis.hu\/mental\/wp-json\/wp\/v2\/tags?post=204"}],"curies":[{"name":"wp","href":"https:\/\/api.w.org\/{rel}","templated":true}]}}