{"id":2039,"date":"2018-06-18T10:52:40","date_gmt":"2018-06-18T08:52:40","guid":{"rendered":"http:\/\/semmelweis.hu\/mental\/?p=2039"},"modified":"2018-06-18T10:52:40","modified_gmt":"2018-06-18T08:52:40","slug":"a-2016-17-es-tanev-rendje","status":"publish","type":"post","link":"https:\/\/semmelweis.hu\/mental\/2018\/06\/18\/a-2016-17-es-tanev-rendje\/","title":{"rendered":"A 2016\/17-ES TAN\u00c9V RENDJE"},"content":{"rendered":"<p>Id\u00e9n m\u00e1r karok szerint lebontva is el\u00e9rhet\u0151 a Semmelweis Egyetem 2016\/17-es tan\u00e9v\u00e9nek rendje:https:\/\/semmelweis.hu\/oktatas\/tanev-rendje\/<\/p>\n<p>Az \u00e1tfog\u00f3 t\u00e1bl\u00e1zatban egy helyen \u00e9rhet\u0151 el a teljes SE k\u00f6vetkez\u0151 tan\u00e9vre vonatkoz\u00f3 beoszt\u00e1sa, k\u00f6zt\u00fck a szorgalmi- \u00e9s vizsgaid\u0151szakok d\u00e1tumai k\u00e9pz\u00e9sekre lebontva, az egyetemi \u00fcnneps\u00e9gek id\u0151pontjai \u00e9s helysz\u00ednei, valamint a munkasz\u00fcneti napok \u00e9s oktat\u00e1si sz\u00fcnetek d\u00e1tumai.<\/p>\n<p>A 2016\/2017-es tan\u00e9v \u0151szi szorgalmi id\u0151szaka szeptember 5-t\u0151l december 9-ig tart, a tan\u00e9vnyit\u00f3 \u00fcnneps\u00e9get szeptember 3-\u00e1n, a Budapest Kongresszusi K\u00f6zpontban rendezik. Az \u0151szi vizsgaid\u0151szak valamennyi karon december 12-\u00e9n kezd\u0151dik majd.<\/p>\n<p>A t\u00e1bl\u00e1zat karok szerint lebontva \u2013 \u00c1OK, EKK, ETK, FOK \u00e9s GYTK \u2013 tartalmazza a tan\u00e9v legfontosabb id\u0151pontjait. A hallgat\u00f3k minden l\u00e9nyeges esem\u00e9ny d\u00e1tum\u00e1t v\u00e9gigb\u00f6ng\u00e9szhetik, ide \u00e9rtve p\u00e9ld\u00e1ul a regisztr\u00e1ci\u00f3s h\u00e9t \u00e9s a beiratkoz\u00e1s id\u0151pontj\u00e1t, de olyan \u00e9vk\u00f6zbeni rendezv\u00e9nyeket is megtal\u00e1lnak, mint a Semmelweis Symposium vagy a TDK Konferencia d\u00e1tuma.<\/p>\n<p>A jobb \u00e1ttekinthet\u0151s\u00e9g \u00e9rdek\u00e9ben elt\u00e9r\u0151 sz\u00ednek jel\u00f6lik a beiratkoz\u00e1ssal, a vizsgaid\u0151szakkal, a z\u00e1r\u00f3vizsga-id\u0151szakkal, az \u00fcnneps\u00e9gekkel \u00e9s a tudom\u00e1nyos rendezv\u00e9nyekkel kapcsolatos id\u0151pontokat.<\/p>\n<p>Forr\u00e1s: https:\/\/semmelweis.hu\/hirek\/2016\/07\/18\/elerheto-a-201617-es-tanev-rendje\/<\/p>\n","protected":false},"excerpt":{"rendered":"<p>Id\u00e9n m\u00e1r karok szerint lebontva is el\u00e9rhet\u0151 a Semmelweis Egyetem 2016\/17-es tan\u00e9v\u00e9nek rendje:https:\/\/semmelweis.hu\/oktatas\/tanev-rendje\/ Az \u00e1tfog\u00f3 t\u00e1bl\u00e1zatban egy helyen \u00e9rhet\u0151 el a teljes SE k\u00f6vetkez\u0151 tan\u00e9vre vonatkoz\u00f3 beoszt\u00e1sa, k\u00f6zt\u00fck a szorgalmi- \u00e9s vizsgaid\u0151szakok d\u00e1tumai k\u00e9pz\u00e9sekre lebontva, az egyetemi \u00fcnneps\u00e9gek id\u0151pontjai \u00e9s helysz\u00ednei, valamint a munkasz\u00fcneti napok \u00e9s oktat\u00e1si sz\u00fcnetek d\u00e1tumai. A 2016\/2017-es tan\u00e9v \u0151szi szorgalmi id\u0151szaka &hellip;<\/p>\n","protected":false},"author":101265,"featured_media":597,"comment_status":"closed","ping_status":"closed","sticky":false,"template":"","format":"standard","meta":{"_acf_changed":false,"footnotes":""},"categories":[1],"tags":[],"class_list":["post-2039","post","type-post","status-publish","format-standard","has-post-thumbnail","hentry","category-hirek"],"acf":[],"_links":{"self":[{"href":"https:\/\/semmelweis.hu\/mental\/wp-json\/wp\/v2\/posts\/2039","targetHints":{"allow":["GET"]}}],"collection":[{"href":"https:\/\/semmelweis.hu\/mental\/wp-json\/wp\/v2\/posts"}],"about":[{"href":"https:\/\/semmelweis.hu\/mental\/wp-json\/wp\/v2\/types\/post"}],"author":[{"embeddable":true,"href":"https:\/\/semmelweis.hu\/mental\/wp-json\/wp\/v2\/users\/101265"}],"replies":[{"embeddable":true,"href":"https:\/\/semmelweis.hu\/mental\/wp-json\/wp\/v2\/comments?post=2039"}],"version-history":[{"count":1,"href":"https:\/\/semmelweis.hu\/mental\/wp-json\/wp\/v2\/posts\/2039\/revisions"}],"predecessor-version":[{"id":2040,"href":"https:\/\/semmelweis.hu\/mental\/wp-json\/wp\/v2\/posts\/2039\/revisions\/2040"}],"wp:featuredmedia":[{"embeddable":true,"href":"https:\/\/semmelweis.hu\/mental\/wp-json\/wp\/v2\/media\/597"}],"wp:attachment":[{"href":"https:\/\/semmelweis.hu\/mental\/wp-json\/wp\/v2\/media?parent=2039"}],"wp:term":[{"taxonomy":"category","embeddable":true,"href":"https:\/\/semmelweis.hu\/mental\/wp-json\/wp\/v2\/categories?post=2039"},{"taxonomy":"post_tag","embeddable":true,"href":"https:\/\/semmelweis.hu\/mental\/wp-json\/wp\/v2\/tags?post=2039"}],"curies":[{"name":"wp","href":"https:\/\/api.w.org\/{rel}","templated":true}]}}