{"id":202,"date":"2018-06-08T00:00:00","date_gmt":"2018-06-07T22:00:00","guid":{"rendered":"http:\/\/semmelweis.hu\/mental\/771-akcios-konyvarusitas-meghosszabbitva\/"},"modified":"2018-06-18T10:22:46","modified_gmt":"2018-06-18T08:22:46","slug":"akcios-konyvarusitas-meghosszabbitva","status":"publish","type":"post","link":"https:\/\/semmelweis.hu\/mental\/2018\/06\/08\/akcios-konyvarusitas-meghosszabbitva\/","title":{"rendered":"AKCI\u00d3S K\u00d6NYV\u00c1RUS\u00cdT\u00c1S MEGHOSSZABB\u00cdTVA"},"content":{"rendered":"<p><a href=\"https:\/\/semmelweis.hu\/mental\/files\/2018\/06\/sale.jpg\"><img loading=\"lazy\" decoding=\"async\" class=\" wp-image-839 alignleft\" src=\"https:\/\/semmelweis.hu\/mental\/files\/2018\/06\/sale-150x103.jpg\" alt=\"\" width=\"204\" height=\"140\" \/><\/a>A Semmelweis Egyetem Ment\u00e1lhigi\u00e9n\u00e9 Int\u00e9zete \u00e1ltal kiadott k\u00f6nyvek<span style=\"color: #ff0000;\"><strong> 2017. \u00e1prilis 30-ig<\/strong><\/span> 20% kedvezm\u00e9nnyel kaphat\u00f3k.<br \/>\nAz akci\u00f3 a P\u00e1rbesz\u00e9d Alap\u00edtv\u00e1ny \u00e1ltal kiadott k\u00f6nyvekre, illetve a k\u00f6z\u00f6s kiad\u00e1s\u00fa k\u00f6nyvekre nem vonatkozik!<br \/>\nB\u0151vebb inform\u00e1ci\u00f3: <a href=\"https:\/\/semmelweis.hu\/mental\/az-intezet\/kiadvanyok\/konyvek\/\" target=\"_blank\" rel=\"noopener\">http:\/\/mental.semmelweis.hu\/hu\/kiadvanyok\/konyvek<\/a><br \/>\nAz akci\u00f3s k\u00f6tetek v\u00e1s\u00e1rl\u00f3i a<em> Csal\u00e1di \u00e9s k\u00f6z\u00f6ss\u00e9gi konfliktusok<\/em> c\u00edm\u0171 k\u00f6nyv egy-egy p\u00e9ld\u00e1ny\u00e1t kapj\u00e1k aj\u00e1nd\u00e9kba!<\/p>\n","protected":false},"excerpt":{"rendered":"<p><a href=\"https:\/\/semmelweis.hu\/mental\/files\/2018\/06\/sale.jpg\"><\/a>A Semmelweis Egyetem Ment\u00e1lhigi\u00e9n\u00e9 Int\u00e9zete \u00e1ltal kiadott k\u00f6nyvek 2017. \u00e1prilis 30-ig 20% kedvezm\u00e9nnyel kaphat\u00f3k.<br \/>\nAz akci\u00f3 a P\u00e1rbesz\u00e9d Alap\u00edtv\u00e1ny \u00e1ltal kiadott k\u00f6nyvekre, illetve a k\u00f6z\u00f6s kiad\u00e1s\u00fa k\u00f6nyvekre nem vonatkozik!<br \/>\nB\u0151vebb inform\u00e1ci\u00f3: <a href=\"https:\/\/semmelweis.hu\/mental\/az-intezet\/kiadvanyok\/konyvek\/\" target=\"_blank\" rel=\"noopener\">http:\/\/mental.semmelweis.hu\/hu\/kiadvanyok\/konyvek<\/a><br \/>\nAz akci\u00f3s k\u00f6tetek v\u00e1s\u00e1rl\u00f3i a Csal\u00e1di \u00e9s k\u00f6z\u00f6ss\u00e9gi konfliktusok c\u00edm\u0171 k\u00f6nyv egy-egy p\u00e9ld\u00e1ny\u00e1t kapj\u00e1k aj\u00e1nd\u00e9kba!<\/p>\n","protected":false},"author":101265,"featured_media":839,"comment_status":"closed","ping_status":"closed","sticky":false,"template":"","format":"standard","meta":{"_acf_changed":false,"footnotes":""},"categories":[1],"tags":[],"class_list":["post-202","post","type-post","status-publish","format-standard","has-post-thumbnail","hentry","category-hirek"],"acf":[],"_links":{"self":[{"href":"https:\/\/semmelweis.hu\/mental\/wp-json\/wp\/v2\/posts\/202","targetHints":{"allow":["GET"]}}],"collection":[{"href":"https:\/\/semmelweis.hu\/mental\/wp-json\/wp\/v2\/posts"}],"about":[{"href":"https:\/\/semmelweis.hu\/mental\/wp-json\/wp\/v2\/types\/post"}],"author":[{"embeddable":true,"href":"https:\/\/semmelweis.hu\/mental\/wp-json\/wp\/v2\/users\/101265"}],"replies":[{"embeddable":true,"href":"https:\/\/semmelweis.hu\/mental\/wp-json\/wp\/v2\/comments?post=202"}],"version-history":[{"count":5,"href":"https:\/\/semmelweis.hu\/mental\/wp-json\/wp\/v2\/posts\/202\/revisions"}],"predecessor-version":[{"id":2020,"href":"https:\/\/semmelweis.hu\/mental\/wp-json\/wp\/v2\/posts\/202\/revisions\/2020"}],"wp:featuredmedia":[{"embeddable":true,"href":"https:\/\/semmelweis.hu\/mental\/wp-json\/wp\/v2\/media\/839"}],"wp:attachment":[{"href":"https:\/\/semmelweis.hu\/mental\/wp-json\/wp\/v2\/media?parent=202"}],"wp:term":[{"taxonomy":"category","embeddable":true,"href":"https:\/\/semmelweis.hu\/mental\/wp-json\/wp\/v2\/categories?post=202"},{"taxonomy":"post_tag","embeddable":true,"href":"https:\/\/semmelweis.hu\/mental\/wp-json\/wp\/v2\/tags?post=202"}],"curies":[{"name":"wp","href":"https:\/\/api.w.org\/{rel}","templated":true}]}}