{"id":200,"date":"2018-06-08T00:00:00","date_gmt":"2018-06-07T22:00:00","guid":{"rendered":"http:\/\/semmelweis.hu\/mental\/794-tudomanyos-kave-eletunk-niche-ei\/"},"modified":"2018-06-18T09:39:05","modified_gmt":"2018-06-18T07:39:05","slug":"tudomanyos-kave-eletunk-niche-ei","status":"publish","type":"post","link":"https:\/\/semmelweis.hu\/mental\/2018\/06\/08\/tudomanyos-kave-eletunk-niche-ei\/","title":{"rendered":"TUDOM\u00c1NYOS K\u00c1V\u00c9 &#8211; &#8222;\u00c9LET\u00dcNK NICHE-EI&#8221;"},"content":{"rendered":"<p>A Tudom\u00e1nyos K\u00e1v\u00e9 k\u00f6vetkez\u0151 alkalm\u00e1n <strong>Martos Tam\u00e1s<\/strong> tart el\u0151ad\u00e1st &#8222;\u00c9let\u00fcnk niche-ei&#8221; c\u00edmmel <strong>2017. m\u00e1jus 8-\u00e1n, h\u00e9tf\u0151n 8:30-10 \u00f3ra<\/strong> k\u00f6z\u00f6tt<strong>, a fsz. 81-ben<\/strong>.<\/p>\n<p>A \u2019niche\u2019 az \u00f6kol\u00f3gi\u00e1b\u00f3l sz\u00e1rmaz\u00f3 fogalom: az \u00e9l\u0151l\u00e9ny konkr\u00e9t \u00e9letfelt\u00e9teleinek komplexit\u00e1s\u00e1t jelenti. A szoci\u00e1l\u00f6kol\u00f3giai pszichol\u00f3gia megk\u00f6zel\u00edt\u00e9se nyom\u00e1n bemutatom a \u2019szem\u00e9lyes niche\u2019 fogalm\u00e1t, mely seg\u00edt egys\u00e9ges keretbe foglalni az emberi tapasztalatok sz\u00e9les k\u00f6r\u00e9t. Ilyenek p\u00e9ld\u00e1ul a t\u00e1rsas \u00e9s k\u00f6rnyezeti hat\u00e1sok, az egy\u00e9ni v\u00e1laszt\u00e1sok \u00e9s aktivit\u00e1s, a szem\u00e9lyes t\u00f6rekv\u00e9sek \u00e9s \u00e9lm\u00e9nyek (stressz, boldogs\u00e1g, \u00e9rtelmess\u00e9g). \u00c9let\u00fcnk t\u00f6rt\u00e9nete egy\u00fattal niche-eink tapasztalatainak \u00e9s niche-eink keres\u00e9s\u00e9nek t\u00f6rt\u00e9nete is: err\u0151l tan\u00faskodnak majd mes\u00e9k, irodalmi alkot\u00e1sok \u00e9s interj\u00far\u00e9szletek.<\/p>\n","protected":false},"excerpt":{"rendered":"<p>A Tudom\u00e1nyos K\u00e1v\u00e9 k\u00f6vetkez\u0151 alkalm\u00e1n Martos Tam\u00e1s tart el\u0151ad\u00e1st &#8222;\u00c9let\u00fcnk niche-ei&#8221; c\u00edmmel 2017. m\u00e1jus 8-\u00e1n, h\u00e9tf\u0151n 8:30-10 \u00f3ra k\u00f6z\u00f6tt, a fsz. 81-ben. A \u2019niche\u2019 az \u00f6kol\u00f3gi\u00e1b\u00f3l sz\u00e1rmaz\u00f3 fogalom: az \u00e9l\u0151l\u00e9ny konkr\u00e9t \u00e9letfelt\u00e9teleinek komplexit\u00e1s\u00e1t jelenti. A szoci\u00e1l\u00f6kol\u00f3giai pszichol\u00f3gia megk\u00f6zel\u00edt\u00e9se nyom\u00e1n bemutatom a \u2019szem\u00e9lyes niche\u2019 fogalm\u00e1t, mely seg\u00edt egys\u00e9ges keretbe foglalni az emberi tapasztalatok sz\u00e9les k\u00f6r\u00e9t. Ilyenek &hellip;<\/p>\n","protected":false},"author":101265,"featured_media":755,"comment_status":"closed","ping_status":"closed","sticky":false,"template":"","format":"standard","meta":{"_acf_changed":false,"footnotes":""},"categories":[1],"tags":[],"class_list":["post-200","post","type-post","status-publish","format-standard","has-post-thumbnail","hentry","category-hirek"],"acf":[],"_links":{"self":[{"href":"https:\/\/semmelweis.hu\/mental\/wp-json\/wp\/v2\/posts\/200","targetHints":{"allow":["GET"]}}],"collection":[{"href":"https:\/\/semmelweis.hu\/mental\/wp-json\/wp\/v2\/posts"}],"about":[{"href":"https:\/\/semmelweis.hu\/mental\/wp-json\/wp\/v2\/types\/post"}],"author":[{"embeddable":true,"href":"https:\/\/semmelweis.hu\/mental\/wp-json\/wp\/v2\/users\/101265"}],"replies":[{"embeddable":true,"href":"https:\/\/semmelweis.hu\/mental\/wp-json\/wp\/v2\/comments?post=200"}],"version-history":[{"count":2,"href":"https:\/\/semmelweis.hu\/mental\/wp-json\/wp\/v2\/posts\/200\/revisions"}],"predecessor-version":[{"id":1998,"href":"https:\/\/semmelweis.hu\/mental\/wp-json\/wp\/v2\/posts\/200\/revisions\/1998"}],"wp:featuredmedia":[{"embeddable":true,"href":"https:\/\/semmelweis.hu\/mental\/wp-json\/wp\/v2\/media\/755"}],"wp:attachment":[{"href":"https:\/\/semmelweis.hu\/mental\/wp-json\/wp\/v2\/media?parent=200"}],"wp:term":[{"taxonomy":"category","embeddable":true,"href":"https:\/\/semmelweis.hu\/mental\/wp-json\/wp\/v2\/categories?post=200"},{"taxonomy":"post_tag","embeddable":true,"href":"https:\/\/semmelweis.hu\/mental\/wp-json\/wp\/v2\/tags?post=200"}],"curies":[{"name":"wp","href":"https:\/\/api.w.org\/{rel}","templated":true}]}}