{"id":1992,"date":"2018-06-18T09:15:02","date_gmt":"2018-06-18T07:15:02","guid":{"rendered":"http:\/\/semmelweis.hu\/mental\/?p=1992"},"modified":"2018-06-18T09:15:02","modified_gmt":"2018-06-18T07:15:02","slug":"beszamolo-az-arto-vedo-tarsadalom-konferenciarol-2","status":"publish","type":"post","link":"https:\/\/semmelweis.hu\/mental\/2018\/06\/18\/beszamolo-az-arto-vedo-tarsadalom-konferenciarol-2\/","title":{"rendered":"BESZ\u00c1MOL\u00d3 AZ \u00c1RT\u00d3-V\u00c9D\u0150 T\u00c1RSADALOM KONFERENCI\u00c1R\u00d3L"},"content":{"rendered":"<p>A Semmelweis H\u00edrek besz\u00e1molt az \u00c1rt\u00f3-V\u00e9d\u0151 T\u00e1rsadalom konferenci\u00e1r\u00f3l, amin t\u00f6bb oktat\u00f3nk el\u0151adott.<\/p>\n<p>A tud\u00f3s\u00edt\u00e1s \u00e9s a f\u00e9nyk\u00e9pek az al\u00e1bbi linkeken \u00e9rhet\u0151k el: https:\/\/semmelweis.hu\/hirek\/2017\/06\/12\/arto-vedo-tarsadalom-konferencia-parbeszed-a-tarsadalom-egeszseg-es-orvostudomanyok-kozott\/<\/p>\n","protected":false},"excerpt":{"rendered":"<p>A Semmelweis H\u00edrek besz\u00e1molt az \u00c1rt\u00f3-V\u00e9d\u0151 T\u00e1rsadalom konferenci\u00e1r\u00f3l, amin t\u00f6bb oktat\u00f3nk el\u0151adott.<br \/>\nA tud\u00f3s\u00edt\u00e1s \u00e9s a f\u00e9nyk\u00e9pek az al\u00e1bbi linkeken \u00e9rhet\u0151k el: https:\/\/semmelweis.hu\/hirek\/2017\/06\/12\/arto-vedo-tarsadalom-konferencia-parbeszed-a-tarsadalom-egeszseg-es-orvostudomanyok-kozott\/<\/p>\n","protected":false},"author":101265,"featured_media":661,"comment_status":"closed","ping_status":"closed","sticky":false,"template":"","format":"standard","meta":{"_acf_changed":false,"footnotes":""},"categories":[1],"tags":[],"class_list":["post-1992","post","type-post","status-publish","format-standard","has-post-thumbnail","hentry","category-hirek"],"acf":[],"_links":{"self":[{"href":"https:\/\/semmelweis.hu\/mental\/wp-json\/wp\/v2\/posts\/1992","targetHints":{"allow":["GET"]}}],"collection":[{"href":"https:\/\/semmelweis.hu\/mental\/wp-json\/wp\/v2\/posts"}],"about":[{"href":"https:\/\/semmelweis.hu\/mental\/wp-json\/wp\/v2\/types\/post"}],"author":[{"embeddable":true,"href":"https:\/\/semmelweis.hu\/mental\/wp-json\/wp\/v2\/users\/101265"}],"replies":[{"embeddable":true,"href":"https:\/\/semmelweis.hu\/mental\/wp-json\/wp\/v2\/comments?post=1992"}],"version-history":[{"count":1,"href":"https:\/\/semmelweis.hu\/mental\/wp-json\/wp\/v2\/posts\/1992\/revisions"}],"predecessor-version":[{"id":1993,"href":"https:\/\/semmelweis.hu\/mental\/wp-json\/wp\/v2\/posts\/1992\/revisions\/1993"}],"wp:featuredmedia":[{"embeddable":true,"href":"https:\/\/semmelweis.hu\/mental\/wp-json\/wp\/v2\/media\/661"}],"wp:attachment":[{"href":"https:\/\/semmelweis.hu\/mental\/wp-json\/wp\/v2\/media?parent=1992"}],"wp:term":[{"taxonomy":"category","embeddable":true,"href":"https:\/\/semmelweis.hu\/mental\/wp-json\/wp\/v2\/categories?post=1992"},{"taxonomy":"post_tag","embeddable":true,"href":"https:\/\/semmelweis.hu\/mental\/wp-json\/wp\/v2\/tags?post=1992"}],"curies":[{"name":"wp","href":"https:\/\/api.w.org\/{rel}","templated":true}]}}