{"id":199,"date":"2018-06-08T00:00:00","date_gmt":"2018-06-07T22:00:00","guid":{"rendered":"http:\/\/semmelweis.hu\/mental\/789-tudomanyos-kave-vallasi-sokszinuseg-europaban\/"},"modified":"2018-06-18T10:09:05","modified_gmt":"2018-06-18T08:09:05","slug":"tudomanyos-kave-vallasi-sokszinuseg-europaban","status":"publish","type":"post","link":"https:\/\/semmelweis.hu\/mental\/2018\/06\/08\/tudomanyos-kave-vallasi-sokszinuseg-europaban\/","title":{"rendered":"TUDOM\u00c1NYOS K\u00c1V\u00c9 &#8211; &#8222;VALL\u00c1SI SOKSZ\u00cdN\u0170S\u00c9G EUR\u00d3P\u00c1BAN&#8221;"},"content":{"rendered":"<p>2017. \u00e1prilis 19-\u00e9n a Tudom\u00e1nyos K\u00e1v\u00e9 keret\u00e9ben Rosta Gergely tart el\u0151ad\u00e1st a<br \/>\nVall\u00e1si soksz\u00edn\u0171s\u00e9g Eur\u00f3p\u00e1ban \u2013 Integr\u00e1ci\u00f3 \u00e9s vall\u00e1s a n\u00e9metorsz\u00e1gi t\u00f6r\u00f6k kisebbs\u00e9g k\u00f6r\u00e9ben c\u00edmmel.<br \/>\nA M\u00fcnsteri Egyetem Vall\u00e1sszociol\u00f3giai Tansz\u00e9ke az elm\u00falt \u00e9vek sor\u00e1n k\u00e9t olyan felm\u00e9r\u00e9st k\u00e9sz\u00edtett, melyben a vall\u00e1si soksz\u00edn\u0171s\u00e9ggel kapcsolatos v\u00e9lem\u00e9nyeket, a vall\u00e1si kisebbs\u00e9gek elfogadotts\u00e1g\u00e1t, a vall\u00e1s \u00e9s a t\u00e1rsadalmi integr\u00e1ci\u00f3 viszony\u00e1t vizsg\u00e1lt\u00e1k. Az els\u0151 felm\u00e9r\u00e9s 2010-ben t\u00f6bb nyugat-eur\u00f3pai orsz\u00e1g teljes lakoss\u00e1g\u00e1t reprezent\u00e1l\u00f3 mint\u00e1kon vizsg\u00e1lta a vall\u00e1si soksz\u00edn\u0171s\u00e9ggel kapcsolatos n\u00e9zeteket, k\u00fcl\u00f6n\u00f6s tekintettel az iszl\u00e1mra. 2015-16-ban pedig a n\u00e9metorsz\u00e1gi t\u00f6r\u00f6k kisebbs\u00e9get reprezent\u00e1l\u00f3 mint\u00e1n vizsg\u00e1lt\u00e1k \u201eaz \u00e9rem m\u00e1sik oldal\u00e1t\u201d, teh\u00e1t ennek a csoportnak a n\u00e9met t\u00e1rsadalomba val\u00f3 be\u00e1gyazotts\u00e1g\u00e1r\u00f3l alkotott saj\u00e1t k\u00e9p\u00e9t, valamint a vall\u00e1soss\u00e1g egyes form\u00e1inak elterjedts\u00e9g\u00e9t. Rosta Gergely a m\u00fcnsteri kutat\u00f3csoport tagjak\u00e9nt ismerteti az eredm\u00e9nyeket.<\/p>\n<p>Id\u0151pont: 8:30-10:00<br \/>\nHelysz\u00edn: NET Fsz.81.<\/p>\n<p>Minden \u00e9rdekl\u0151d\u0151t szeretettel v\u00e1runk!<\/p>\n","protected":false},"excerpt":{"rendered":"<p>2017. \u00e1prilis 19-\u00e9n a Tudom\u00e1nyos K\u00e1v\u00e9 keret\u00e9ben Rosta Gergely tart el\u0151ad\u00e1st a Vall\u00e1si soksz\u00edn\u0171s\u00e9g Eur\u00f3p\u00e1ban \u2013 Integr\u00e1ci\u00f3 \u00e9s vall\u00e1s a n\u00e9metorsz\u00e1gi t\u00f6r\u00f6k kisebbs\u00e9g k\u00f6r\u00e9ben c\u00edmmel. A M\u00fcnsteri Egyetem Vall\u00e1sszociol\u00f3giai Tansz\u00e9ke az elm\u00falt \u00e9vek sor\u00e1n k\u00e9t olyan felm\u00e9r\u00e9st k\u00e9sz\u00edtett, melyben a vall\u00e1si soksz\u00edn\u0171s\u00e9ggel kapcsolatos v\u00e9lem\u00e9nyeket, a vall\u00e1si kisebbs\u00e9gek elfogadotts\u00e1g\u00e1t, a vall\u00e1s \u00e9s a t\u00e1rsadalmi integr\u00e1ci\u00f3 viszony\u00e1t &hellip;<\/p>\n","protected":false},"author":101265,"featured_media":755,"comment_status":"closed","ping_status":"closed","sticky":false,"template":"","format":"standard","meta":{"_acf_changed":false,"footnotes":""},"categories":[1],"tags":[],"class_list":["post-199","post","type-post","status-publish","format-standard","has-post-thumbnail","hentry","category-hirek"],"acf":[],"_links":{"self":[{"href":"https:\/\/semmelweis.hu\/mental\/wp-json\/wp\/v2\/posts\/199","targetHints":{"allow":["GET"]}}],"collection":[{"href":"https:\/\/semmelweis.hu\/mental\/wp-json\/wp\/v2\/posts"}],"about":[{"href":"https:\/\/semmelweis.hu\/mental\/wp-json\/wp\/v2\/types\/post"}],"author":[{"embeddable":true,"href":"https:\/\/semmelweis.hu\/mental\/wp-json\/wp\/v2\/users\/101265"}],"replies":[{"embeddable":true,"href":"https:\/\/semmelweis.hu\/mental\/wp-json\/wp\/v2\/comments?post=199"}],"version-history":[{"count":2,"href":"https:\/\/semmelweis.hu\/mental\/wp-json\/wp\/v2\/posts\/199\/revisions"}],"predecessor-version":[{"id":2013,"href":"https:\/\/semmelweis.hu\/mental\/wp-json\/wp\/v2\/posts\/199\/revisions\/2013"}],"wp:featuredmedia":[{"embeddable":true,"href":"https:\/\/semmelweis.hu\/mental\/wp-json\/wp\/v2\/media\/755"}],"wp:attachment":[{"href":"https:\/\/semmelweis.hu\/mental\/wp-json\/wp\/v2\/media?parent=199"}],"wp:term":[{"taxonomy":"category","embeddable":true,"href":"https:\/\/semmelweis.hu\/mental\/wp-json\/wp\/v2\/categories?post=199"},{"taxonomy":"post_tag","embeddable":true,"href":"https:\/\/semmelweis.hu\/mental\/wp-json\/wp\/v2\/tags?post=199"}],"curies":[{"name":"wp","href":"https:\/\/api.w.org\/{rel}","templated":true}]}}