{"id":198,"date":"2018-06-08T00:00:00","date_gmt":"2018-06-07T22:00:00","guid":{"rendered":"http:\/\/semmelweis.hu\/mental\/779-laktacios-szaktanacsado-kepzes-indul\/"},"modified":"2018-06-18T10:06:17","modified_gmt":"2018-06-18T08:06:17","slug":"laktacios-szaktanacsado-kepzes-indul","status":"publish","type":"post","link":"https:\/\/semmelweis.hu\/mental\/2018\/06\/08\/laktacios-szaktanacsado-kepzes-indul\/","title":{"rendered":"LAKT\u00c1CI\u00d3S SZAKTAN\u00c1CSAD\u00d3 K\u00c9PZ\u00c9S INDUL"},"content":{"rendered":"<p><a class=\"modal thumbnail\" title=\"\" href=\"\/images\/anya_geyermeke-ok.jpg\" rel=\"{handler: 'image', marginImage: {x: 50, y: 50}}\"><img loading=\"lazy\" decoding=\"async\" style=\"float: left; margin: 5px 10px;\" src=\"\/images\/thumbnails\/images\/anya_geyermeke-ok-150x170.jpg\" alt=\"anya-gyermek\" width=\"150\" height=\"170\" border=\"0\" \/><\/a>H\u00e1rom f\u00e9l\u00e9ves lakt\u00e1ci\u00f3s szaktan\u00e1csad\u00f3 k\u00e9pz\u00e9s indul. Jelentkez\u00e9si hat\u00e1rid\u0151: <span style=\"color: #ff0000;\"><strong>2017. m\u00e1jus 16.<\/strong> <\/span>A jelentkez\u00e9si anyagok bek\u00fcld\u00e9sekor a bor\u00edt\u00e9kra, k\u00e9rj\u00fck, \u00edrj\u00e1k r\u00e1, hogy &#8222;BIZALMAS&#8221;.<br \/>\nTov\u00e1bbi r\u00e9szletek <strong><a href=\"https:\/\/semmelweis.hu\/mental\/szakiranyu-kepzesek\/laktacios-szaktanacsado\/felveteli-tajekoztato\/\" target=\"_blank\" rel=\"noopener\">itt<\/a><\/strong>.<\/p>\n<p><a href=\"https:\/\/semmelweis.hu\/mental\/files\/2018\/06\/anya_geyermeke-ok-150x170.jpg\"><img loading=\"lazy\" decoding=\"async\" class=\"alignnone size-full wp-image-659\" src=\"https:\/\/semmelweis.hu\/mental\/files\/2018\/06\/anya_geyermeke-ok-150x170.jpg\" alt=\"\" width=\"150\" height=\"170\" \/><\/a><\/p>\n","protected":false},"excerpt":{"rendered":"<p><a class=\"modal thumbnail\" title=\"\" href=\"\/images\/anya_geyermeke-ok.jpg\" rel=\"{handler: 'image', marginImage: {x: 50, y: 50}}\"><\/a>H\u00e1rom f\u00e9l\u00e9ves lakt\u00e1ci\u00f3s szaktan\u00e1csad\u00f3 k\u00e9pz\u00e9s indul. Jelentkez\u00e9si hat\u00e1rid\u0151: 2017. m\u00e1jus 16. A jelentkez\u00e9si anyagok bek\u00fcld\u00e9sekor a bor\u00edt\u00e9kra, k\u00e9rj\u00fck, \u00edrj\u00e1k r\u00e1, hogy &#8222;BIZALMAS&#8221;.<br \/>\nTov\u00e1bbi r\u00e9szletek <a href=\"https:\/\/semmelweis.hu\/mental\/szakiranyu-kepzesek\/laktacios-szaktanacsado\/felveteli-tajekoztato\/\" target=\"_blank\" rel=\"noopener\">itt<\/a>.<br \/>\n<a href=\"https:\/\/semmelweis.hu\/mental\/files\/2018\/06\/anya_geyermeke-ok-150x170.jpg\"><\/a><\/p>\n","protected":false},"author":101265,"featured_media":659,"comment_status":"closed","ping_status":"closed","sticky":false,"template":"","format":"standard","meta":{"_acf_changed":false,"footnotes":""},"categories":[1],"tags":[],"class_list":["post-198","post","type-post","status-publish","format-standard","has-post-thumbnail","hentry","category-hirek"],"acf":[],"_links":{"self":[{"href":"https:\/\/semmelweis.hu\/mental\/wp-json\/wp\/v2\/posts\/198","targetHints":{"allow":["GET"]}}],"collection":[{"href":"https:\/\/semmelweis.hu\/mental\/wp-json\/wp\/v2\/posts"}],"about":[{"href":"https:\/\/semmelweis.hu\/mental\/wp-json\/wp\/v2\/types\/post"}],"author":[{"embeddable":true,"href":"https:\/\/semmelweis.hu\/mental\/wp-json\/wp\/v2\/users\/101265"}],"replies":[{"embeddable":true,"href":"https:\/\/semmelweis.hu\/mental\/wp-json\/wp\/v2\/comments?post=198"}],"version-history":[{"count":5,"href":"https:\/\/semmelweis.hu\/mental\/wp-json\/wp\/v2\/posts\/198\/revisions"}],"predecessor-version":[{"id":2012,"href":"https:\/\/semmelweis.hu\/mental\/wp-json\/wp\/v2\/posts\/198\/revisions\/2012"}],"wp:featuredmedia":[{"embeddable":true,"href":"https:\/\/semmelweis.hu\/mental\/wp-json\/wp\/v2\/media\/659"}],"wp:attachment":[{"href":"https:\/\/semmelweis.hu\/mental\/wp-json\/wp\/v2\/media?parent=198"}],"wp:term":[{"taxonomy":"category","embeddable":true,"href":"https:\/\/semmelweis.hu\/mental\/wp-json\/wp\/v2\/categories?post=198"},{"taxonomy":"post_tag","embeddable":true,"href":"https:\/\/semmelweis.hu\/mental\/wp-json\/wp\/v2\/tags?post=198"}],"curies":[{"name":"wp","href":"https:\/\/api.w.org\/{rel}","templated":true}]}}