{"id":197,"date":"2018-06-08T00:00:00","date_gmt":"2018-06-07T22:00:00","guid":{"rendered":"http:\/\/semmelweis.hu\/mental\/791-phd-tudomanyos-napok-2017\/"},"modified":"2018-06-18T09:56:27","modified_gmt":"2018-06-18T07:56:27","slug":"phd-tudomanyos-napok-2017","status":"publish","type":"post","link":"https:\/\/semmelweis.hu\/mental\/2018\/06\/08\/phd-tudomanyos-napok-2017\/","title":{"rendered":"PHD TUDOM\u00c1NYOS NAPOK 2017"},"content":{"rendered":"<p>Az idei PhD Tudom\u00e1nyos napokon doktori programunk k\u00e9t hallgat\u00f3ja, Koren R\u00e9ka \u00e9s B\u00e1lity Csaba\u00a0is dics\u00e9retben r\u00e9szes\u00fclt. Ez\u00faton is gratul\u00e1lunk nekik!<\/p>\n<p><a href=\"https:\/\/semmelweis.hu\/mental\/files\/2018\/06\/Koren_Reka_oklevel_PhD_napok_2017_1.jpg\"><img loading=\"lazy\" decoding=\"async\" src=\"https:\/\/semmelweis.hu\/mental\/files\/2018\/06\/Koren_Reka_oklevel_PhD_napok_2017_1.jpg\" width=\"500\" height=\"353\" border=\"0\" \/><\/a><\/p>\n<p><a href=\"https:\/\/semmelweis.hu\/mental\/files\/2018\/06\/Bality_Csaba_oklevel_Phdnapok2017_1.jpg\"><img loading=\"lazy\" decoding=\"async\" src=\"https:\/\/semmelweis.hu\/mental\/files\/2018\/06\/Bality_Csaba_oklevel_Phdnapok2017_1.jpg\" width=\"500\" height=\"353\" border=\"0\" \/><\/a><\/p>\n<p><span style=\"font-size: 12.16px;\">\u00a0<\/span><\/p>\n","protected":false},"excerpt":{"rendered":"<p>Az idei PhD Tudom\u00e1nyos napokon doktori programunk k\u00e9t hallgat\u00f3ja, Koren R\u00e9ka \u00e9s B\u00e1lity Csaba\u00a0is dics\u00e9retben r\u00e9szes\u00fclt. Ez\u00faton is gratul\u00e1lunk nekik!<br \/>\n<a href=\"https:\/\/semmelweis.hu\/mental\/files\/2018\/06\/Koren_Reka_oklevel_PhD_napok_2017_1.jpg\"><\/a><br \/>\n<a href=\"https:\/\/semmelweis.hu\/mental\/files\/2018\/06\/Bality_Csaba_oklevel_Phdnapok2017_1.jpg\"><\/a><br \/>\n\u00a0<\/p>\n","protected":false},"author":101265,"featured_media":569,"comment_status":"closed","ping_status":"closed","sticky":false,"template":"","format":"standard","meta":{"_acf_changed":false,"footnotes":""},"categories":[1],"tags":[],"class_list":["post-197","post","type-post","status-publish","format-standard","has-post-thumbnail","hentry","category-hirek"],"acf":[],"_links":{"self":[{"href":"https:\/\/semmelweis.hu\/mental\/wp-json\/wp\/v2\/posts\/197","targetHints":{"allow":["GET"]}}],"collection":[{"href":"https:\/\/semmelweis.hu\/mental\/wp-json\/wp\/v2\/posts"}],"about":[{"href":"https:\/\/semmelweis.hu\/mental\/wp-json\/wp\/v2\/types\/post"}],"author":[{"embeddable":true,"href":"https:\/\/semmelweis.hu\/mental\/wp-json\/wp\/v2\/users\/101265"}],"replies":[{"embeddable":true,"href":"https:\/\/semmelweis.hu\/mental\/wp-json\/wp\/v2\/comments?post=197"}],"version-history":[{"count":4,"href":"https:\/\/semmelweis.hu\/mental\/wp-json\/wp\/v2\/posts\/197\/revisions"}],"predecessor-version":[{"id":2008,"href":"https:\/\/semmelweis.hu\/mental\/wp-json\/wp\/v2\/posts\/197\/revisions\/2008"}],"wp:featuredmedia":[{"embeddable":true,"href":"https:\/\/semmelweis.hu\/mental\/wp-json\/wp\/v2\/media\/569"}],"wp:attachment":[{"href":"https:\/\/semmelweis.hu\/mental\/wp-json\/wp\/v2\/media?parent=197"}],"wp:term":[{"taxonomy":"category","embeddable":true,"href":"https:\/\/semmelweis.hu\/mental\/wp-json\/wp\/v2\/categories?post=197"},{"taxonomy":"post_tag","embeddable":true,"href":"https:\/\/semmelweis.hu\/mental\/wp-json\/wp\/v2\/tags?post=197"}],"curies":[{"name":"wp","href":"https:\/\/api.w.org\/{rel}","templated":true}]}}