{"id":196,"date":"2018-06-18T09:50:06","date_gmt":"2018-06-18T07:50:06","guid":{"rendered":"http:\/\/semmelweis.hu\/mental\/?page_id=196"},"modified":"2018-06-18T09:51:02","modified_gmt":"2018-06-18T07:51:02","slug":"doktori-vedes-2017","status":"publish","type":"post","link":"https:\/\/semmelweis.hu\/mental\/2018\/06\/18\/doktori-vedes-2017\/","title":{"rendered":"DOKTORI V\u00c9D\u00c9S 2017"},"content":{"rendered":"<p>Az E\u00f6tv\u00f6s Lor\u00e1nd Tudom\u00e1nyegyetem Pedag\u00f3giai \u00e9s Pszichol\u00f3giai Kar Nevel\u00e9studom\u00e1nyi Doktori Iskol\u00e1ja megh\u00edvja \u00d6nt Semsey G\u00e1bor \u201eA szexu\u00e1lis nevel\u00e9s gyakorlata a magyarorsz\u00e1gi gimn\u00e1ziumokban\u201d c\u00edm\u0171 doktori \u00e9rtekez\u00e9s\u00e9nek nyilv\u00e1nos vit\u00e1j\u00e1ra, melyet\u00a0<strong>2017. m\u00e1jus 25-\u00e9n<\/strong>\u00a0<strong>16.00<\/strong> \u00f3rakor rendez\u00fcnk az ELTE Pedag\u00f3gia \u00e9s Pszichol\u00f3giai Kar, 1075 Budapest Kazinczy u. 23-27. 215. term\u00e9ben.<\/p>\n<p>T\u00e9mavezet\u0151:<br \/>\nDr. L\u00e9n\u00e1rd S\u00e1ndor<\/p>\n<p>A b\u00edr\u00e1l\u00f3 bizotts\u00e1g tagjai:<\/p>\n<p>Eln\u00f6k:<br \/>\nDr. B\u00e1rdos Gy\u00f6rgy<\/p>\n<p>Opponens:<br \/>\nM\u00e9sz\u00e1rosn\u00e9 Dr. Darvay Sarolta<br \/>\nDr. Gombocz J\u00e1nos<\/p>\n<p>Tov\u00e1bbi tagok:<br \/>\nDr. M\u00e9sz\u00e1ros Gy\u00f6rgy<br \/>\nDr. Trencs\u00e9nyi L\u00e1szl\u00f3<br \/>\nDr. Bodonyi Edit<br \/>\nDr. Hamar P\u00e1l<\/p>\n<p>A megh\u00edv\u00f3 let\u00f6lthet\u0151 <a href=\"https:\/\/semmelweis.hu\/mental\/files\/2018\/06\/meghivo_Semsey_Gabor.pdf\" target=\"_blank\" rel=\"noopener\">inn\u00e9t<\/a>.<\/p>\n","protected":false},"excerpt":{"rendered":"<p>Az E\u00f6tv\u00f6s Lor\u00e1nd Tudom\u00e1nyegyetem Pedag\u00f3giai \u00e9s Pszichol\u00f3giai Kar Nevel\u00e9studom\u00e1nyi Doktori Iskol\u00e1ja megh\u00edvja \u00d6nt Semsey G\u00e1bor \u201eA szexu\u00e1lis nevel\u00e9s gyakorlata a magyarorsz\u00e1gi gimn\u00e1ziumokban\u201d c\u00edm\u0171 doktori \u00e9rtekez\u00e9s\u00e9nek nyilv\u00e1nos vit\u00e1j\u00e1ra, melyet\u00a02017. m\u00e1jus 25-\u00e9n\u00a016.00 \u00f3rakor rendez\u00fcnk az ELTE Pedag\u00f3gia \u00e9s Pszichol\u00f3giai Kar, 1075 Budapest Kazinczy u. 23-27. 215. term\u00e9ben. T\u00e9mavezet\u0151: Dr. L\u00e9n\u00e1rd S\u00e1ndor A b\u00edr\u00e1l\u00f3 bizotts\u00e1g tagjai: Eln\u00f6k: Dr. &hellip;<\/p>\n","protected":false},"author":101265,"featured_media":707,"comment_status":"closed","ping_status":"closed","sticky":false,"template":"","format":"standard","meta":{"_acf_changed":false,"footnotes":""},"categories":[1],"tags":[],"class_list":["post-196","post","type-post","status-publish","format-standard","has-post-thumbnail","hentry","category-hirek"],"acf":[],"_links":{"self":[{"href":"https:\/\/semmelweis.hu\/mental\/wp-json\/wp\/v2\/posts\/196","targetHints":{"allow":["GET"]}}],"collection":[{"href":"https:\/\/semmelweis.hu\/mental\/wp-json\/wp\/v2\/posts"}],"about":[{"href":"https:\/\/semmelweis.hu\/mental\/wp-json\/wp\/v2\/types\/post"}],"author":[{"embeddable":true,"href":"https:\/\/semmelweis.hu\/mental\/wp-json\/wp\/v2\/users\/101265"}],"replies":[{"embeddable":true,"href":"https:\/\/semmelweis.hu\/mental\/wp-json\/wp\/v2\/comments?post=196"}],"version-history":[{"count":3,"href":"https:\/\/semmelweis.hu\/mental\/wp-json\/wp\/v2\/posts\/196\/revisions"}],"predecessor-version":[{"id":2005,"href":"https:\/\/semmelweis.hu\/mental\/wp-json\/wp\/v2\/posts\/196\/revisions\/2005"}],"wp:featuredmedia":[{"embeddable":true,"href":"https:\/\/semmelweis.hu\/mental\/wp-json\/wp\/v2\/media\/707"}],"wp:attachment":[{"href":"https:\/\/semmelweis.hu\/mental\/wp-json\/wp\/v2\/media?parent=196"}],"wp:term":[{"taxonomy":"category","embeddable":true,"href":"https:\/\/semmelweis.hu\/mental\/wp-json\/wp\/v2\/categories?post=196"},{"taxonomy":"post_tag","embeddable":true,"href":"https:\/\/semmelweis.hu\/mental\/wp-json\/wp\/v2\/tags?post=196"}],"curies":[{"name":"wp","href":"https:\/\/api.w.org\/{rel}","templated":true}]}}