{"id":194,"date":"2018-06-08T00:00:00","date_gmt":"2018-06-07T22:00:00","guid":{"rendered":"http:\/\/semmelweis.hu\/mental\/778-lelkigondozo-kepzes-indul\/"},"modified":"2018-06-18T09:45:42","modified_gmt":"2018-06-18T07:45:42","slug":"lelkigondozo-kepzes-indul","status":"publish","type":"post","link":"https:\/\/semmelweis.hu\/mental\/2018\/06\/08\/lelkigondozo-kepzes-indul\/","title":{"rendered":"LELKIGONDOZ\u00d3 K\u00c9PZ\u00c9S INDUL"},"content":{"rendered":"<p>A Semmelweis Egyetem Ment\u00e1lhigi\u00e9n\u00e9 Int\u00e9zete, az Evang\u00e9likus Hittudom\u00e1nyi Egyetemmel \u00e9s a Szent Atan\u00e1z G\u00f6r\u00f6g Katolikus Hittudom\u00e1nyi F\u0151iskol\u00e1val egy\u00fcttm\u0171k\u00f6d\u00e9sben 2017 szeptember\u00e9t\u0151l akkredit\u00e1lt ment\u00e1lhigi\u00e9n\u00e9s lelkigondoz\u00f3 szakir\u00e1ny\u00fa tov\u00e1bbk\u00e9pz\u00e9st hirdet.<br \/>\nJelentkez\u00e9si hat\u00e1rid\u0151: <strong><span style=\"color: #ff0000;\">2017. m\u00e1jus 15.<\/span><\/strong><br \/>\nFelv\u00e9tel krit\u00e9riuma: BA, MA, f\u0151iskolai vagy egyetemi hit\u00e9leti v\u00e9gzetts\u00e9g, egyh\u00e1zi aj\u00e1nl\u00e1s \u00e9s szem\u00e9lyes alkalmass\u00e1g.<br \/>\nA k\u00e9pz\u00e9s id\u0151tartama: 4 f\u00e9l\u00e9v, 560 \u00f3ra (havonta 2 nap + 2 intenz\u00edv h\u00e9t).<br \/>\nA jelentkez\u00e9s: az SE Ment\u00e1lhigi\u00e9n\u00e9 Int\u00e9zetben ig\u00e9nyelhet\u0151 jelentkez\u00e9si lapon t\u00f6rt\u00e9nik.<\/p>\n<p>Tov\u00e1bbi inform\u00e1ci\u00f3 \u00e9s jelentkez\u00e9si lap let\u00f6lthet\u0151: <a href=\"https:\/\/semmelweis.hu\/mental\/szakiranyu-kepzesek\/lelkigondozoi-kepzes\/felvetel-a-kepzesre\/\">https:\/\/semmelweis.hu\/mental\/szakiranyu-kepzesek\/lelkigondozoi-kepzes\/felvetel-a-kepzesre\/<\/a><br \/>\nA k\u00e9pz\u00e9sr\u0151l b\u0151vebb t\u00e1j\u00e9koztat\u00e1st ad:<br \/>\nDr. T\u00f6r\u00f6k G\u00e1bor P\u00e1l (20\/6632-389, <a href=\"mailto:torok.gabor@public.semmelweis-univ.hu\">torok.gabor@public.semmelweis-univ.hu<\/a>),<br \/>\nSemsey G\u00e1bor (20\/6632-390, <a href=\"mailto:semsey.gabor@public.semmelweis-univ.hu\">semsey.gabor@public.semmelweis-univ.hu<\/a>).<\/p>\n<p>A jelentkez\u00e9si anyagok bek\u00fcld\u00e9sekor a bor\u00edt\u00e9kra, k\u00e9rj\u00fck, \u00edrj\u00e1k r\u00e1, hogy &#8222;<span style=\"color: #ff0000;\"><strong>BIZALMAS<\/strong><\/span>&#8222;.<\/p>\n","protected":false},"excerpt":{"rendered":"<p>A Semmelweis Egyetem Ment\u00e1lhigi\u00e9n\u00e9 Int\u00e9zete, az Evang\u00e9likus Hittudom\u00e1nyi Egyetemmel \u00e9s a Szent Atan\u00e1z G\u00f6r\u00f6g Katolikus Hittudom\u00e1nyi F\u0151iskol\u00e1val egy\u00fcttm\u0171k\u00f6d\u00e9sben 2017 szeptember\u00e9t\u0151l akkredit\u00e1lt ment\u00e1lhigi\u00e9n\u00e9s lelkigondoz\u00f3 szakir\u00e1ny\u00fa tov\u00e1bbk\u00e9pz\u00e9st hirdet. Jelentkez\u00e9si hat\u00e1rid\u0151: 2017. m\u00e1jus 15. Felv\u00e9tel krit\u00e9riuma: BA, MA, f\u0151iskolai vagy egyetemi hit\u00e9leti v\u00e9gzetts\u00e9g, egyh\u00e1zi aj\u00e1nl\u00e1s \u00e9s szem\u00e9lyes alkalmass\u00e1g. A k\u00e9pz\u00e9s id\u0151tartama: 4 f\u00e9l\u00e9v, 560 \u00f3ra (havonta 2 nap &hellip;<\/p>\n","protected":false},"author":101265,"featured_media":780,"comment_status":"closed","ping_status":"closed","sticky":false,"template":"","format":"standard","meta":{"_acf_changed":false,"footnotes":""},"categories":[1],"tags":[],"class_list":["post-194","post","type-post","status-publish","format-standard","has-post-thumbnail","hentry","category-hirek"],"acf":[],"_links":{"self":[{"href":"https:\/\/semmelweis.hu\/mental\/wp-json\/wp\/v2\/posts\/194","targetHints":{"allow":["GET"]}}],"collection":[{"href":"https:\/\/semmelweis.hu\/mental\/wp-json\/wp\/v2\/posts"}],"about":[{"href":"https:\/\/semmelweis.hu\/mental\/wp-json\/wp\/v2\/types\/post"}],"author":[{"embeddable":true,"href":"https:\/\/semmelweis.hu\/mental\/wp-json\/wp\/v2\/users\/101265"}],"replies":[{"embeddable":true,"href":"https:\/\/semmelweis.hu\/mental\/wp-json\/wp\/v2\/comments?post=194"}],"version-history":[{"count":4,"href":"https:\/\/semmelweis.hu\/mental\/wp-json\/wp\/v2\/posts\/194\/revisions"}],"predecessor-version":[{"id":2001,"href":"https:\/\/semmelweis.hu\/mental\/wp-json\/wp\/v2\/posts\/194\/revisions\/2001"}],"wp:featuredmedia":[{"embeddable":true,"href":"https:\/\/semmelweis.hu\/mental\/wp-json\/wp\/v2\/media\/780"}],"wp:attachment":[{"href":"https:\/\/semmelweis.hu\/mental\/wp-json\/wp\/v2\/media?parent=194"}],"wp:term":[{"taxonomy":"category","embeddable":true,"href":"https:\/\/semmelweis.hu\/mental\/wp-json\/wp\/v2\/categories?post=194"},{"taxonomy":"post_tag","embeddable":true,"href":"https:\/\/semmelweis.hu\/mental\/wp-json\/wp\/v2\/tags?post=194"}],"curies":[{"name":"wp","href":"https:\/\/api.w.org\/{rel}","templated":true}]}}