{"id":193,"date":"2018-06-18T09:25:57","date_gmt":"2018-06-18T07:25:57","guid":{"rendered":"http:\/\/semmelweis.hu\/mental\/?page_id=193"},"modified":"2018-06-18T09:33:24","modified_gmt":"2018-06-18T07:33:24","slug":"arto-vedo-konferencia-2","status":"publish","type":"post","link":"https:\/\/semmelweis.hu\/mental\/2018\/06\/18\/arto-vedo-konferencia-2\/","title":{"rendered":"\u00c1RT\u00d3-V\u00c9D\u0150 KONFERENCIA (2)"},"content":{"rendered":"<p>A Semmelweis Egyetem ETK T\u00e1rsadalomtudom\u00e1nyi Tansz\u00e9ke, az \u00c1OK Magatart\u00e1studom\u00e1nyi Int\u00e9zete \u00e9s az EKK Ment\u00e1lhigi\u00e9n\u00e9 Int\u00e9zete\u00a0<a href=\"https:\/\/semmelweis.hu\/artovedotarsadalom\/\" target=\"_blank\" rel=\"noopener\">\u00c1rt\u00f3-v\u00e9d\u0151 t\u00e1rsadalom<\/a>\u00a0c\u00edmmel konferenci\u00e1t szervez.<\/p>\n<p>Id\u0151pont: <span style=\"color: #ff0000;\"><strong>2017. j\u00fanius 8-9.<\/strong><\/span><br \/>\nHelysz\u00edn: Semmelweis Egyetem Eg\u00e9szs\u00e9gtudom\u00e1nyi Kar (1088 Budapest, Vas utca 17.)<\/p>\n<p>A XV. Magatart\u00e1studom\u00e1nyi Napokkal egy\u00fcttesen szervezett orsz\u00e1gos konferencia c\u00e9ljai:<\/p>\n<p>F\u00f3rum \u00e9s szakmai k\u00f6z\u00f6ss\u00e9g teremt\u00e9se az eg\u00e9szs\u00e9g \u00e9s t\u00e1rsadalom kapcsol\u00f3d\u00e1saival foglalkoz\u00f3 kutat\u00f3k \u00e9s kutat\u00e1sok sz\u00e1m\u00e1ra<br \/>\nA leg\u00fajabb eg\u00e9szs\u00e9gszociol\u00f3giai, orvosi szociol\u00f3giai vizsg\u00e1lati eredm\u00e9nyek \u00e9s m\u00f3dszerek bemutat\u00e1sa<br \/>\nAz eg\u00e9szs\u00e9g szoci\u00e1lis, ment\u00e1lis \u00e9s lelki dimenzi\u00f3j\u00e1nak hangs\u00falyoz\u00e1sa<br \/>\nAz eg\u00e9szs\u00e9g\u00fcgyi szakemberek k\u00e9pz\u00e9s\u00e9vel kapcsolatos oktat\u00e1si tapasztalatok megoszt\u00e1sa<br \/>\nSzakmai, kutat\u00e1si egy\u00fcttm\u0171k\u00f6d\u00e9sek kialak\u00edt\u00e1sa<br \/>\nA konferencia kiemelt t\u00e9m\u00e1i 2017-ben:<\/p>\n<p>\u201cV\u00e9d\u0151k\u201d, azaz a gy\u00f3gy\u00edt\u00f3k \u00e9s eg\u00e9szs\u00e9g\u00fcgyi szakdolgoz\u00f3k t\u00e1rsadalma<br \/>\nEg\u00e9szs\u00e9g \u00e9s t\u00e1rsadalom a 21. sz\u00e1zadban<br \/>\nPublik\u00e1ci\u00f3s lehet\u0151s\u00e9g: a konferencia legjobb el\u0151ad\u00f3i sz\u00e1m\u00e1ra publik\u00e1ci\u00f3s lehet\u0151s\u00e9get biztos\u00edtunk a European Journal of Mental Health, valamint a Ment\u00e1lhigi\u00e9n\u00e9 \u00e9s Pszichoszomatika foly\u00f3iratokban.<\/p>\n<p>Absztraktok bek\u00fcld\u00e9si hat\u00e1rideje: 2017.03.31.<\/p>\n<p>Regisztr\u00e1ci\u00f3 hat\u00e1rideje:<\/p>\n<p>Pacsirta: 2017.04.30.<br \/>\nNorm\u00e1l: 2017.05.25.<\/p>\n<p>Tov\u00e1bbi inform\u00e1ci\u00f3 a konferencia honlapj\u00e1n:\u00a0<a href=\"https:\/\/semmelweis.hu\/artovedotarsadalom\/\" target=\"_blank\" rel=\"noopener\">https:\/\/semmelweis.hu\/artovedotarsadalom\/<\/a><\/p>\n","protected":false},"excerpt":{"rendered":"<p>A Semmelweis Egyetem ETK T\u00e1rsadalomtudom\u00e1nyi Tansz\u00e9ke, az \u00c1OK Magatart\u00e1studom\u00e1nyi Int\u00e9zete \u00e9s az EKK Ment\u00e1lhigi\u00e9n\u00e9 Int\u00e9zete\u00a0 <a href=\"https:\/\/semmelweis.hu\/artovedotarsadalom\/\" target=\"_blank\" rel=\"noopener\">\u00c1rt\u00f3-v\u00e9d\u0151 t\u00e1rsadalom<\/a> \u00a0c\u00edmmel konferenci\u00e1t szervez. Id\u0151pont: 2017. j\u00fanius 8-9. Helysz\u00edn: Semmelweis Egyetem Eg\u00e9szs\u00e9gtudom\u00e1nyi Kar (1088 Budapest, Vas utca 17.) A XV. Magatart\u00e1studom\u00e1nyi Napokkal egy\u00fcttesen szervezett orsz\u00e1gos konferencia c\u00e9ljai: F\u00f3rum \u00e9s szakmai k\u00f6z\u00f6ss\u00e9g teremt\u00e9se az eg\u00e9szs\u00e9g \u00e9s t\u00e1rsadalom kapcsol\u00f3d\u00e1saival foglalkoz\u00f3 kutat\u00f3k \u00e9s kutat\u00e1sok &hellip;<\/p>\n","protected":false},"author":101265,"featured_media":661,"comment_status":"closed","ping_status":"closed","sticky":false,"template":"","format":"standard","meta":{"_acf_changed":false,"footnotes":""},"categories":[1],"tags":[],"class_list":["post-193","post","type-post","status-publish","format-standard","has-post-thumbnail","hentry","category-hirek"],"acf":[],"_links":{"self":[{"href":"https:\/\/semmelweis.hu\/mental\/wp-json\/wp\/v2\/posts\/193","targetHints":{"allow":["GET"]}}],"collection":[{"href":"https:\/\/semmelweis.hu\/mental\/wp-json\/wp\/v2\/posts"}],"about":[{"href":"https:\/\/semmelweis.hu\/mental\/wp-json\/wp\/v2\/types\/post"}],"author":[{"embeddable":true,"href":"https:\/\/semmelweis.hu\/mental\/wp-json\/wp\/v2\/users\/101265"}],"replies":[{"embeddable":true,"href":"https:\/\/semmelweis.hu\/mental\/wp-json\/wp\/v2\/comments?post=193"}],"version-history":[{"count":2,"href":"https:\/\/semmelweis.hu\/mental\/wp-json\/wp\/v2\/posts\/193\/revisions"}],"predecessor-version":[{"id":1997,"href":"https:\/\/semmelweis.hu\/mental\/wp-json\/wp\/v2\/posts\/193\/revisions\/1997"}],"wp:featuredmedia":[{"embeddable":true,"href":"https:\/\/semmelweis.hu\/mental\/wp-json\/wp\/v2\/media\/661"}],"wp:attachment":[{"href":"https:\/\/semmelweis.hu\/mental\/wp-json\/wp\/v2\/media?parent=193"}],"wp:term":[{"taxonomy":"category","embeddable":true,"href":"https:\/\/semmelweis.hu\/mental\/wp-json\/wp\/v2\/categories?post=193"},{"taxonomy":"post_tag","embeddable":true,"href":"https:\/\/semmelweis.hu\/mental\/wp-json\/wp\/v2\/tags?post=193"}],"curies":[{"name":"wp","href":"https:\/\/api.w.org\/{rel}","templated":true}]}}