{"id":192,"date":"2018-06-08T00:00:00","date_gmt":"2018-06-07T22:00:00","guid":{"rendered":"http:\/\/semmelweis.hu\/mental\/798-potjelentkezes-a-mentalhigienes-lelkigondozo-kepzesen\/"},"modified":"2018-06-18T08:52:09","modified_gmt":"2018-06-18T06:52:09","slug":"potjelentkezes-a-mentalhigienes-lelkigondozo-kepzesen","status":"publish","type":"post","link":"https:\/\/semmelweis.hu\/mental\/2018\/06\/08\/potjelentkezes-a-mentalhigienes-lelkigondozo-kepzesen\/","title":{"rendered":"P\u00d3TJELENTKEZ\u00c9S"},"content":{"rendered":"<p>P\u00f3tjelentkez\u00e9sre van lehet\u0151s\u00e9g a ment\u00e1lhigi\u00e9n\u00e9s lelkigondoz\u00f3 szakir\u00e1ny\u00fa tov\u00e1bbk\u00e9pz\u00e9sen.<\/p>\n<p>Tov\u00e1bbi inform\u00e1ci\u00f3k: <a href=\"https:\/\/semmelweis.hu\/mental\/szakiranyu-kepzesek\/lelkigondozoi-kepzes\/a-kepzes-bemutatasa-lelki\/\">https:\/\/semmelweis.hu\/mental\/szakiranyu-kepzesek\/lelkigondozoi-kepzes\/a-kepzes-bemutatasa-lelki\/<\/a><\/p>\n","protected":false},"excerpt":{"rendered":"<p>P\u00f3tjelentkez\u00e9sre van lehet\u0151s\u00e9g a ment\u00e1lhigi\u00e9n\u00e9s lelkigondoz\u00f3 szakir\u00e1ny\u00fa tov\u00e1bbk\u00e9pz\u00e9sen.<br \/>\nTov\u00e1bbi inform\u00e1ci\u00f3k: <a href=\"https:\/\/semmelweis.hu\/mental\/szakiranyu-kepzesek\/lelkigondozoi-kepzes\/a-kepzes-bemutatasa-lelki\/\">https:\/\/semmelweis.hu\/mental\/szakiranyu-kepzesek\/lelkigondozoi-kepzes\/a-kepzes-bemutatasa-lelki\/<\/a><\/p>\n","protected":false},"author":101265,"featured_media":560,"comment_status":"closed","ping_status":"closed","sticky":false,"template":"","format":"standard","meta":{"_acf_changed":false,"footnotes":""},"categories":[1],"tags":[],"class_list":["post-192","post","type-post","status-publish","format-standard","has-post-thumbnail","hentry","category-hirek"],"acf":[],"_links":{"self":[{"href":"https:\/\/semmelweis.hu\/mental\/wp-json\/wp\/v2\/posts\/192","targetHints":{"allow":["GET"]}}],"collection":[{"href":"https:\/\/semmelweis.hu\/mental\/wp-json\/wp\/v2\/posts"}],"about":[{"href":"https:\/\/semmelweis.hu\/mental\/wp-json\/wp\/v2\/types\/post"}],"author":[{"embeddable":true,"href":"https:\/\/semmelweis.hu\/mental\/wp-json\/wp\/v2\/users\/101265"}],"replies":[{"embeddable":true,"href":"https:\/\/semmelweis.hu\/mental\/wp-json\/wp\/v2\/comments?post=192"}],"version-history":[{"count":4,"href":"https:\/\/semmelweis.hu\/mental\/wp-json\/wp\/v2\/posts\/192\/revisions"}],"predecessor-version":[{"id":1980,"href":"https:\/\/semmelweis.hu\/mental\/wp-json\/wp\/v2\/posts\/192\/revisions\/1980"}],"wp:featuredmedia":[{"embeddable":true,"href":"https:\/\/semmelweis.hu\/mental\/wp-json\/wp\/v2\/media\/560"}],"wp:attachment":[{"href":"https:\/\/semmelweis.hu\/mental\/wp-json\/wp\/v2\/media?parent=192"}],"wp:term":[{"taxonomy":"category","embeddable":true,"href":"https:\/\/semmelweis.hu\/mental\/wp-json\/wp\/v2\/categories?post=192"},{"taxonomy":"post_tag","embeddable":true,"href":"https:\/\/semmelweis.hu\/mental\/wp-json\/wp\/v2\/tags?post=192"}],"curies":[{"name":"wp","href":"https:\/\/api.w.org\/{rel}","templated":true}]}}