{"id":191,"date":"2018-06-08T00:00:00","date_gmt":"2018-06-07T22:00:00","guid":{"rendered":"http:\/\/semmelweis.hu\/mental\/795-ajandekkonyv-akcio\/"},"modified":"2018-06-18T09:21:09","modified_gmt":"2018-06-18T07:21:09","slug":"ajandekkonyv-akcio","status":"publish","type":"post","link":"https:\/\/semmelweis.hu\/mental\/2018\/06\/08\/ajandekkonyv-akcio\/","title":{"rendered":"AJ\u00c1ND\u00c9KK\u00d6NYV AKCI\u00d3"},"content":{"rendered":"<p>Aj\u00e1nd\u00e9kk\u00f6nyv akci\u00f3<\/p>\n<p>\u201eCsal\u00e1di \u00e9s k\u00f6z\u00f6ss\u00e9gi konfliktusok\u201d c\u00edm\u0171 k\u00f6nyvet kap aj\u00e1nd\u00e9kba, aki az al\u00e1bbi k\u00f6nyvek k\u00f6z\u00fcl v\u00e1s\u00e1rol:<\/p>\n<p>Ittz\u00e9s G\u00e1bor (szerk).: Cura mentis \u2013 Ment\u00e1lhigi\u00e9n\u00e9 a t\u00e1rsadalom szolg\u00e1lat\u00e1ban:\u00a0\u00dcnnepi k\u00f6tet Tomcs\u00e1nyi Teod\u00f3ra 70. sz\u00fclet\u00e9snapj\u00e1ra &#8211; 4000Ft<\/p>\n<p>T\u00f6r\u00f6k P\u00e9ter: \u00c9s (a)mikor destrukt\u00edvak \u2013Az \u00faj vall\u00e1si mozgalmak szociol\u00f3gi\u00e1ja \u00e9s hazai helyzete &#8211; 3200Ft<\/p>\n<p>Asztalos B, Semsey G, T\u00e9senyi T.: Cseppek a tengerben \u2013T\u00e1rsadalmi kih\u00edv\u00e1sok \u2013 kereszt\u00e9ny k\u00f6z\u00f6ss\u00e9gek v\u00e1laszai &#8211; 2.500Ft<\/p>\n<p>Morel Gyula S.J.: Szociol\u00f3gia &#8211; 2.500Ft<\/p>\n<p>Antoine Vergote: B\u0171nntudat \u00e9s v\u00e1gy &#8211; 3.200Ft<\/p>\n<p>Tomka Mikl\u00f3s: A vall\u00e1s a modern vil\u00e1gban \u2013 A szekulariz\u00e1ci\u00f3 \u00e9rtelmez\u00e9se a szociol\u00f3gi\u00e1ban &#8211; 3.000Ft<\/p>\n","protected":false},"excerpt":{"rendered":"<p>Aj\u00e1nd\u00e9kk\u00f6nyv akci\u00f3 \u201eCsal\u00e1di \u00e9s k\u00f6z\u00f6ss\u00e9gi konfliktusok\u201d c\u00edm\u0171 k\u00f6nyvet kap aj\u00e1nd\u00e9kba, aki az al\u00e1bbi k\u00f6nyvek k\u00f6z\u00fcl v\u00e1s\u00e1rol: Ittz\u00e9s G\u00e1bor (szerk).: Cura mentis \u2013 Ment\u00e1lhigi\u00e9n\u00e9 a t\u00e1rsadalom szolg\u00e1lat\u00e1ban:\u00a0\u00dcnnepi k\u00f6tet Tomcs\u00e1nyi Teod\u00f3ra 70. sz\u00fclet\u00e9snapj\u00e1ra &#8211; 4000Ft T\u00f6r\u00f6k P\u00e9ter: \u00c9s (a)mikor destrukt\u00edvak \u2013Az \u00faj vall\u00e1si mozgalmak szociol\u00f3gi\u00e1ja \u00e9s hazai helyzete &#8211; 3200Ft Asztalos B, Semsey G, T\u00e9senyi T.: Cseppek &hellip;<\/p>\n","protected":false},"author":101265,"featured_media":496,"comment_status":"closed","ping_status":"closed","sticky":false,"template":"","format":"standard","meta":{"_acf_changed":false,"footnotes":""},"categories":[1],"tags":[],"class_list":["post-191","post","type-post","status-publish","format-standard","has-post-thumbnail","hentry","category-hirek"],"acf":[],"_links":{"self":[{"href":"https:\/\/semmelweis.hu\/mental\/wp-json\/wp\/v2\/posts\/191","targetHints":{"allow":["GET"]}}],"collection":[{"href":"https:\/\/semmelweis.hu\/mental\/wp-json\/wp\/v2\/posts"}],"about":[{"href":"https:\/\/semmelweis.hu\/mental\/wp-json\/wp\/v2\/types\/post"}],"author":[{"embeddable":true,"href":"https:\/\/semmelweis.hu\/mental\/wp-json\/wp\/v2\/users\/101265"}],"replies":[{"embeddable":true,"href":"https:\/\/semmelweis.hu\/mental\/wp-json\/wp\/v2\/comments?post=191"}],"version-history":[{"count":3,"href":"https:\/\/semmelweis.hu\/mental\/wp-json\/wp\/v2\/posts\/191\/revisions"}],"predecessor-version":[{"id":1996,"href":"https:\/\/semmelweis.hu\/mental\/wp-json\/wp\/v2\/posts\/191\/revisions\/1996"}],"wp:featuredmedia":[{"embeddable":true,"href":"https:\/\/semmelweis.hu\/mental\/wp-json\/wp\/v2\/media\/496"}],"wp:attachment":[{"href":"https:\/\/semmelweis.hu\/mental\/wp-json\/wp\/v2\/media?parent=191"}],"wp:term":[{"taxonomy":"category","embeddable":true,"href":"https:\/\/semmelweis.hu\/mental\/wp-json\/wp\/v2\/categories?post=191"},{"taxonomy":"post_tag","embeddable":true,"href":"https:\/\/semmelweis.hu\/mental\/wp-json\/wp\/v2\/tags?post=191"}],"curies":[{"name":"wp","href":"https:\/\/api.w.org\/{rel}","templated":true}]}}