{"id":190,"date":"2018-06-08T00:00:00","date_gmt":"2018-06-07T22:00:00","guid":{"rendered":"http:\/\/semmelweis.hu\/mental\/799-diplomaatado-unnepseg\/"},"modified":"2018-06-18T09:19:54","modified_gmt":"2018-06-18T07:19:54","slug":"diplomaatado-unnepseg-2017","status":"publish","type":"post","link":"https:\/\/semmelweis.hu\/mental\/2018\/06\/08\/diplomaatado-unnepseg-2017\/","title":{"rendered":"DIPLOMA\u00c1TAD\u00d3 \u00dcNNEPS\u00c9G"},"content":{"rendered":"<p>A Szoci\u00e1lis munka mesterk\u00e9pz\u00e9s, a\u00a0Ment\u00e1lhigi\u00e9n\u00e9s csal\u00e1dtudom\u00e1nyi \u00e9s csal\u00e1dter\u00e1pi\u00e1s mesterk\u00e9pz\u00e9s, a\u00a0Lakt\u00e1ci\u00f3s szaktan\u00e1csad\u00f3 vizsg\u00e1ra felk\u00e9sz\u00edt\u0151 szakir\u00e1ny\u00fa\u00a0tov\u00e1bbk\u00e9pz\u00e9s v\u00e9gz\u0151s hallgat\u00f3inak diploma\u00e1tad\u00f3 \u00fcnneps\u00e9ge\u00a0<strong><span style=\"color: #ff0000;\">2017. j\u00falius 7. 14 \u00f3r\u00e1<\/span><\/strong>t\u00f3l ker\u00fcl sor a\u00a0<span style=\"color: #ff0000;\"><strong>Semmelweis Egyetem D\u00edszterm\u00e9ben<\/strong><\/span>\u00a0(1085, Budapest, Nagyv\u00e1rad t\u00e9r 4. f\u00f6ldszint).<\/p>\n","protected":false},"excerpt":{"rendered":"<p>A Szoci\u00e1lis munka mesterk\u00e9pz\u00e9s, a\u00a0Ment\u00e1lhigi\u00e9n\u00e9s csal\u00e1dtudom\u00e1nyi \u00e9s csal\u00e1dter\u00e1pi\u00e1s mesterk\u00e9pz\u00e9s, a\u00a0Lakt\u00e1ci\u00f3s szaktan\u00e1csad\u00f3 vizsg\u00e1ra felk\u00e9sz\u00edt\u0151 szakir\u00e1ny\u00fa\u00a0tov\u00e1bbk\u00e9pz\u00e9s v\u00e9gz\u0151s hallgat\u00f3inak diploma\u00e1tad\u00f3 \u00fcnneps\u00e9ge\u00a02017. j\u00falius 7. 14 \u00f3r\u00e1t\u00f3l ker\u00fcl sor a\u00a0Semmelweis Egyetem D\u00edszterm\u00e9ben\u00a0(1085, Budapest, Nagyv\u00e1rad t\u00e9r 4. f\u00f6ldszint).<\/p>\n","protected":false},"author":101265,"featured_media":528,"comment_status":"closed","ping_status":"closed","sticky":false,"template":"","format":"standard","meta":{"_acf_changed":false,"footnotes":""},"categories":[1],"tags":[],"class_list":["post-190","post","type-post","status-publish","format-standard","has-post-thumbnail","hentry","category-hirek"],"acf":[],"_links":{"self":[{"href":"https:\/\/semmelweis.hu\/mental\/wp-json\/wp\/v2\/posts\/190","targetHints":{"allow":["GET"]}}],"collection":[{"href":"https:\/\/semmelweis.hu\/mental\/wp-json\/wp\/v2\/posts"}],"about":[{"href":"https:\/\/semmelweis.hu\/mental\/wp-json\/wp\/v2\/types\/post"}],"author":[{"embeddable":true,"href":"https:\/\/semmelweis.hu\/mental\/wp-json\/wp\/v2\/users\/101265"}],"replies":[{"embeddable":true,"href":"https:\/\/semmelweis.hu\/mental\/wp-json\/wp\/v2\/comments?post=190"}],"version-history":[{"count":3,"href":"https:\/\/semmelweis.hu\/mental\/wp-json\/wp\/v2\/posts\/190\/revisions"}],"predecessor-version":[{"id":1995,"href":"https:\/\/semmelweis.hu\/mental\/wp-json\/wp\/v2\/posts\/190\/revisions\/1995"}],"wp:featuredmedia":[{"embeddable":true,"href":"https:\/\/semmelweis.hu\/mental\/wp-json\/wp\/v2\/media\/528"}],"wp:attachment":[{"href":"https:\/\/semmelweis.hu\/mental\/wp-json\/wp\/v2\/media?parent=190"}],"wp:term":[{"taxonomy":"category","embeddable":true,"href":"https:\/\/semmelweis.hu\/mental\/wp-json\/wp\/v2\/categories?post=190"},{"taxonomy":"post_tag","embeddable":true,"href":"https:\/\/semmelweis.hu\/mental\/wp-json\/wp\/v2\/tags?post=190"}],"curies":[{"name":"wp","href":"https:\/\/api.w.org\/{rel}","templated":true}]}}