{"id":189,"date":"2018-06-08T00:00:00","date_gmt":"2018-06-07T22:00:00","guid":{"rendered":"http:\/\/semmelweis.hu\/mental\/801-doktoranduszok-foruma-2017-junius\/"},"modified":"2018-06-18T09:18:23","modified_gmt":"2018-06-18T07:18:23","slug":"doktoranduszok-foruma-2017-junius","status":"publish","type":"post","link":"https:\/\/semmelweis.hu\/mental\/2018\/06\/08\/doktoranduszok-foruma-2017-junius\/","title":{"rendered":"DOKTORANDUSZOK F\u00d3RUMA"},"content":{"rendered":"<p>Szeretettel h\u00edvunk mindenkit a 2017-es Doktorandusz F\u00f3rumra, ahol az Int\u00e9zet doktoranduszai sz\u00e1molnak be kutat\u00e1saikr\u00f3l, munk\u00e1jukr\u00f3l.<\/p>\n<p>Id\u0151pont: 2017. j\u00fanius 21. (szerda), 8.30-10.00-ig<\/p>\n<p>Helysz\u00edn: NET, fszt. 81.<\/p>\n<p>A <strong><span style=\"text-decoration: underline;\">program<\/span><\/strong>:<\/p>\n<p>8.30-8.50: D\u00e9sfalvi Judit: Eml\u0151r\u00e1kkal k\u00fczd\u0151 n\u0151k p\u00e1rkapcsolati tapasztalatainak \u00e9s c\u00e9ljainak mint\u00e1zatai \u2013 interpretat\u00edv fenomenol\u00f3giai elemz\u00e9s<\/p>\n<p>8.50-9.10: Kiss Erika: L\u00e1t\u00e1ss\u00e9r\u00fclt gyermeket nevel\u0151 sz\u00fcl\u0151k helyzete Magyarorsz\u00e1gon<\/p>\n<p>9.10-9.30: Diny\u00e1n\u00e9 Szab\u00f3 Mariann: T\u00e1rsadalmi t\u0151ke koncepci\u00f3 elm\u00e9leti \u00e9s empirikus alkalmaz\u00e1sa: eg\u00e9szs\u00e9g\u00fcgyi tanulm\u00e1nyokat folytat\u00f3 egyetemi hallgat\u00f3k professzion\u00e1lis j\u00f3l-l\u00e9te<\/p>\n<p>9.30-10.00: Interakt\u00edv percek, k\u00e9rd\u00e9sek, besz\u00e9lget\u00e9s<\/p>\n","protected":false},"excerpt":{"rendered":"<p>Szeretettel h\u00edvunk mindenkit a 2017-es Doktorandusz F\u00f3rumra, ahol az Int\u00e9zet doktoranduszai sz\u00e1molnak be kutat\u00e1saikr\u00f3l, munk\u00e1jukr\u00f3l. Id\u0151pont: 2017. j\u00fanius 21. (szerda), 8.30-10.00-ig Helysz\u00edn: NET, fszt. 81. A program: 8.30-8.50: D\u00e9sfalvi Judit: Eml\u0151r\u00e1kkal k\u00fczd\u0151 n\u0151k p\u00e1rkapcsolati tapasztalatainak \u00e9s c\u00e9ljainak mint\u00e1zatai \u2013 interpretat\u00edv fenomenol\u00f3giai elemz\u00e9s 8.50-9.10: Kiss Erika: L\u00e1t\u00e1ss\u00e9r\u00fclt gyermeket nevel\u0151 sz\u00fcl\u0151k helyzete Magyarorsz\u00e1gon 9.10-9.30: Diny\u00e1n\u00e9 Szab\u00f3 Mariann: &hellip;<\/p>\n","protected":false},"author":101265,"featured_media":459,"comment_status":"closed","ping_status":"closed","sticky":false,"template":"","format":"standard","meta":{"_acf_changed":false,"footnotes":""},"categories":[1],"tags":[],"class_list":["post-189","post","type-post","status-publish","format-standard","has-post-thumbnail","hentry","category-hirek"],"acf":[],"_links":{"self":[{"href":"https:\/\/semmelweis.hu\/mental\/wp-json\/wp\/v2\/posts\/189","targetHints":{"allow":["GET"]}}],"collection":[{"href":"https:\/\/semmelweis.hu\/mental\/wp-json\/wp\/v2\/posts"}],"about":[{"href":"https:\/\/semmelweis.hu\/mental\/wp-json\/wp\/v2\/types\/post"}],"author":[{"embeddable":true,"href":"https:\/\/semmelweis.hu\/mental\/wp-json\/wp\/v2\/users\/101265"}],"replies":[{"embeddable":true,"href":"https:\/\/semmelweis.hu\/mental\/wp-json\/wp\/v2\/comments?post=189"}],"version-history":[{"count":3,"href":"https:\/\/semmelweis.hu\/mental\/wp-json\/wp\/v2\/posts\/189\/revisions"}],"predecessor-version":[{"id":1994,"href":"https:\/\/semmelweis.hu\/mental\/wp-json\/wp\/v2\/posts\/189\/revisions\/1994"}],"wp:featuredmedia":[{"embeddable":true,"href":"https:\/\/semmelweis.hu\/mental\/wp-json\/wp\/v2\/media\/459"}],"wp:attachment":[{"href":"https:\/\/semmelweis.hu\/mental\/wp-json\/wp\/v2\/media?parent=189"}],"wp:term":[{"taxonomy":"category","embeddable":true,"href":"https:\/\/semmelweis.hu\/mental\/wp-json\/wp\/v2\/categories?post=189"},{"taxonomy":"post_tag","embeddable":true,"href":"https:\/\/semmelweis.hu\/mental\/wp-json\/wp\/v2\/tags?post=189"}],"curies":[{"name":"wp","href":"https:\/\/api.w.org\/{rel}","templated":true}]}}