{"id":188,"date":"2018-06-08T00:00:00","date_gmt":"2018-06-07T22:00:00","guid":{"rendered":"http:\/\/semmelweis.hu\/mental\/802-beszamolo-az-arto-vedo-tarsadalom-konferenciarol\/"},"modified":"2018-06-15T12:47:00","modified_gmt":"2018-06-15T10:47:00","slug":"beszamolo-az-arto-vedo-tarsadalom-konferenciarol","status":"publish","type":"post","link":"https:\/\/semmelweis.hu\/mental\/2018\/06\/08\/beszamolo-az-arto-vedo-tarsadalom-konferenciarol\/","title":{"rendered":"BESZ\u00c1MOL\u00d3 AZ \u00c1RT\u00d3-V\u00c9D\u0150 T\u00c1RSADALOM KONFERENCI\u00c1R\u00d3L"},"content":{"rendered":"<p>A Semmelweis H\u00edrek besz\u00e1molt az \u00c1rt\u00f3-V\u00e9d\u0151 T\u00e1rsadalom konferenci\u00e1r\u00f3l, amin t\u00f6bb oktat\u00f3nk el\u0151adott.<\/p>\n<p>A tud\u00f3s\u00edt\u00e1s <strong><a href=\"https:\/\/semmelweis.hu\/mediasarok\/2018\/06\/12\/hirado-hu-a-szules-es-a-szuletes-volt-a-tema-az-arto-vedo-tarsadalom-konferencian\/\" target=\"_blank\" rel=\"noopener\">itt<\/a> <\/strong>\u00e9rhet\u0151 el.<\/p>\n","protected":false},"excerpt":{"rendered":"<p>A Semmelweis H\u00edrek besz\u00e1molt az \u00c1rt\u00f3-V\u00e9d\u0151 T\u00e1rsadalom konferenci\u00e1r\u00f3l, amin t\u00f6bb oktat\u00f3nk el\u0151adott.<br \/>\nA tud\u00f3s\u00edt\u00e1s <a href=\"https:\/\/semmelweis.hu\/mediasarok\/2018\/06\/12\/hirado-hu-a-szules-es-a-szuletes-volt-a-tema-az-arto-vedo-tarsadalom-konferencian\/\" target=\"_blank\" rel=\"noopener\">itt<\/a> \u00e9rhet\u0151 el.<\/p>\n","protected":false},"author":101265,"featured_media":408,"comment_status":"closed","ping_status":"closed","sticky":false,"template":"","format":"standard","meta":{"_acf_changed":false,"footnotes":""},"categories":[1],"tags":[],"class_list":["post-188","post","type-post","status-publish","format-standard","has-post-thumbnail","hentry","category-hirek"],"acf":[],"_links":{"self":[{"href":"https:\/\/semmelweis.hu\/mental\/wp-json\/wp\/v2\/posts\/188","targetHints":{"allow":["GET"]}}],"collection":[{"href":"https:\/\/semmelweis.hu\/mental\/wp-json\/wp\/v2\/posts"}],"about":[{"href":"https:\/\/semmelweis.hu\/mental\/wp-json\/wp\/v2\/types\/post"}],"author":[{"embeddable":true,"href":"https:\/\/semmelweis.hu\/mental\/wp-json\/wp\/v2\/users\/101265"}],"replies":[{"embeddable":true,"href":"https:\/\/semmelweis.hu\/mental\/wp-json\/wp\/v2\/comments?post=188"}],"version-history":[{"count":7,"href":"https:\/\/semmelweis.hu\/mental\/wp-json\/wp\/v2\/posts\/188\/revisions"}],"predecessor-version":[{"id":1678,"href":"https:\/\/semmelweis.hu\/mental\/wp-json\/wp\/v2\/posts\/188\/revisions\/1678"}],"wp:featuredmedia":[{"embeddable":true,"href":"https:\/\/semmelweis.hu\/mental\/wp-json\/wp\/v2\/media\/408"}],"wp:attachment":[{"href":"https:\/\/semmelweis.hu\/mental\/wp-json\/wp\/v2\/media?parent=188"}],"wp:term":[{"taxonomy":"category","embeddable":true,"href":"https:\/\/semmelweis.hu\/mental\/wp-json\/wp\/v2\/categories?post=188"},{"taxonomy":"post_tag","embeddable":true,"href":"https:\/\/semmelweis.hu\/mental\/wp-json\/wp\/v2\/tags?post=188"}],"curies":[{"name":"wp","href":"https:\/\/api.w.org\/{rel}","templated":true}]}}