{"id":186,"date":"2018-06-08T00:00:00","date_gmt":"2018-06-07T22:00:00","guid":{"rendered":"http:\/\/semmelweis.hu\/mental\/804-munkatarsakat-keresunk\/"},"modified":"2018-06-18T08:58:51","modified_gmt":"2018-06-18T06:58:51","slug":"munkatarsakat-keresunk","status":"publish","type":"post","link":"https:\/\/semmelweis.hu\/mental\/2018\/06\/08\/munkatarsakat-keresunk\/","title":{"rendered":"MUNKAT\u00c1RSAKAT KERES\u00dcNK"},"content":{"rendered":"<p>Tan\u00e1rseg\u00e9d \u00e9s \u00fcgyviv\u0151 szak\u00e9rt\u0151 munkat\u00e1rsakat keres\u00fcnk. A p\u00e1ly\u00e1zatok beny\u00fajt\u00e1s\u00e1nak hat\u00e1rideje:<\/p>\n<p>&#8211; a tan\u00e1rseg\u00e9d munkak\u00f6r eset\u00e9ben:\u00a0<span style=\"color: #ff0000;\"><strong>2017. augusztus 1.,<\/strong><\/span><\/p>\n<p>&#8211; az \u00fcgyviv\u0151 szak\u00e9rt\u0151 eset\u00e9ben: <span style=\"color: #ff0000;\"><strong>2017. j\u00falius 19.<\/strong><\/span><\/p>\n<p>R\u00e9szletek:<\/p>\n<p><a href=\"https:\/\/semmelweis.hu\/mental\/files\/2018\/06\/07.02.-tan\u00e1rseg\u00e9d.pdf\" target=\"_blank\" rel=\"noopener\">https:\/\/semmelweis.hu\/human\/files\/2017\/07\/07.02.-tan%C3%A1rseg%C3%A9d.pdf<\/a><\/p>\n<p><span style=\"color: #ff0000;\"><a href=\"https:\/\/semmelweis.hu\/mental\/files\/2018\/06\/07.04.-\u00fcgyviv\u0151-szak\u00e9rt\u0151.pdf\" target=\"_blank\" rel=\"noopener\">https:\/\/semmelweis.hu\/human\/files\/2017\/07\/07.04.-%C3%BCgyviv%C5%91-szak%C3%A9rt%C5%91.pdf<\/a><\/span><\/p>\n","protected":false},"excerpt":{"rendered":"<p>Tan\u00e1rseg\u00e9d \u00e9s \u00fcgyviv\u0151 szak\u00e9rt\u0151 munkat\u00e1rsakat keres\u00fcnk. A p\u00e1ly\u00e1zatok beny\u00fajt\u00e1s\u00e1nak hat\u00e1rideje:<br \/>\n&#8211; a tan\u00e1rseg\u00e9d munkak\u00f6r eset\u00e9ben:\u00a02017. augusztus 1.,<br \/>\n&#8211; az \u00fcgyviv\u0151 szak\u00e9rt\u0151 eset\u00e9ben: 2017. j\u00falius 19.<br \/>\nR\u00e9szletek:<br \/>\n<a href=\"https:\/\/semmelweis.hu\/mental\/files\/2018\/06\/07.02.-tan\u00e1rseg\u00e9d.pdf\" target=\"_blank\" rel=\"noopener\">https:\/\/semmelweis.hu\/human\/files\/2017\/07\/07.02.-tan%C3%A1rseg%C3%A9d.pdf<\/a><br \/>\n<a href=\"https:\/\/semmelweis.hu\/mental\/files\/2018\/06\/07.04.-\u00fcgyviv\u0151-szak\u00e9rt\u0151.pdf\" target=\"_blank\" rel=\"noopener\">https:\/\/semmelweis.hu\/human\/files\/2017\/07\/07.04.-%C3%BCgyviv%C5%91-szak%C3%A9rt%C5%91.pdf<\/a><\/p>\n","protected":false},"author":101265,"featured_media":542,"comment_status":"closed","ping_status":"closed","sticky":false,"template":"","format":"standard","meta":{"_acf_changed":false,"footnotes":""},"categories":[1],"tags":[],"class_list":["post-186","post","type-post","status-publish","format-standard","has-post-thumbnail","hentry","category-hirek"],"acf":[],"_links":{"self":[{"href":"https:\/\/semmelweis.hu\/mental\/wp-json\/wp\/v2\/posts\/186","targetHints":{"allow":["GET"]}}],"collection":[{"href":"https:\/\/semmelweis.hu\/mental\/wp-json\/wp\/v2\/posts"}],"about":[{"href":"https:\/\/semmelweis.hu\/mental\/wp-json\/wp\/v2\/types\/post"}],"author":[{"embeddable":true,"href":"https:\/\/semmelweis.hu\/mental\/wp-json\/wp\/v2\/users\/101265"}],"replies":[{"embeddable":true,"href":"https:\/\/semmelweis.hu\/mental\/wp-json\/wp\/v2\/comments?post=186"}],"version-history":[{"count":7,"href":"https:\/\/semmelweis.hu\/mental\/wp-json\/wp\/v2\/posts\/186\/revisions"}],"predecessor-version":[{"id":1987,"href":"https:\/\/semmelweis.hu\/mental\/wp-json\/wp\/v2\/posts\/186\/revisions\/1987"}],"wp:featuredmedia":[{"embeddable":true,"href":"https:\/\/semmelweis.hu\/mental\/wp-json\/wp\/v2\/media\/542"}],"wp:attachment":[{"href":"https:\/\/semmelweis.hu\/mental\/wp-json\/wp\/v2\/media?parent=186"}],"wp:term":[{"taxonomy":"category","embeddable":true,"href":"https:\/\/semmelweis.hu\/mental\/wp-json\/wp\/v2\/categories?post=186"},{"taxonomy":"post_tag","embeddable":true,"href":"https:\/\/semmelweis.hu\/mental\/wp-json\/wp\/v2\/tags?post=186"}],"curies":[{"name":"wp","href":"https:\/\/api.w.org\/{rel}","templated":true}]}}