{"id":185,"date":"2018-06-08T00:00:00","date_gmt":"2018-06-07T22:00:00","guid":{"rendered":"http:\/\/semmelweis.hu\/mental\/805-diplomaatadok-2017-ben\/"},"modified":"2018-06-18T08:42:44","modified_gmt":"2018-06-18T06:42:44","slug":"diplomaatadok-2017-ben","status":"publish","type":"post","link":"https:\/\/semmelweis.hu\/mental\/2018\/06\/08\/diplomaatadok-2017-ben\/","title":{"rendered":"DIPLOMA\u00c1TAD\u00d3K 2017-BEN"},"content":{"rendered":"<p>A Semmelweis H\u00edrek besz\u00e1molt az egyetemi diplomaoszt\u00f3 \u00fcnneps\u00e9gekr\u0151l, k\u00f6zt\u00fck Int\u00e9zet\u00fcnk k\u00e9t diploma\u00e1tad\u00f3 \u00fcnneps\u00e9g\u00e9r\u0151l is.<\/p>\n<p>A tud\u00f3s\u00edt\u00e1sok \u00e9s f\u00e9nyk\u00e9pek az al\u00e1bbi linkeken \u00e9rhet\u0151k el:<\/p>\n<p><a href=\"https:\/\/semmelweis.hu\/hirek\/2017\/07\/07\/49-mentalhigienes-lelkigondozo-kapott-oklevelet\/\">https:\/\/semmelweis.hu\/hirek\/2017\/07\/07\/49-mentalhigienes-lelkigondozo-kapott-oklevelet\/<\/a><\/p>\n<p><a href=\"https:\/\/semmelweis.hu\/hirek\/2017\/07\/10\/diplomaoszto-unnepseg-a-mentalhigiene-intezet-kepzesein\/\">https:\/\/semmelweis.hu\/hirek\/2017\/07\/10\/diplomaoszto-unnepseg-a-mentalhigiene-intezet-kepzesein\/<\/a><\/p>\n<p>K\u00f6sz\u00f6nj\u00fck a besz\u00e1mol\u00f3kat Homonnay-Bukovenszki Orsoly\u00e1nak \u00e9s Keresztes Eszternek; a fot\u00f3kat pedig Kov\u00e1cs Attil\u00e1nak!<\/p>\n","protected":false},"excerpt":{"rendered":"<p>A Semmelweis H\u00edrek besz\u00e1molt az egyetemi diplomaoszt\u00f3 \u00fcnneps\u00e9gekr\u0151l, k\u00f6zt\u00fck Int\u00e9zet\u00fcnk k\u00e9t diploma\u00e1tad\u00f3 \u00fcnneps\u00e9g\u00e9r\u0151l is.<br \/>\nA tud\u00f3s\u00edt\u00e1sok \u00e9s f\u00e9nyk\u00e9pek az al\u00e1bbi linkeken \u00e9rhet\u0151k el:<br \/>\n<a href=\"https:\/\/semmelweis.hu\/hirek\/2017\/07\/07\/49-mentalhigienes-lelkigondozo-kapott-oklevelet\/\">https:\/\/semmelweis.hu\/hirek\/2017\/07\/07\/49-mentalhigienes-lelkigondozo-kapott-oklevelet\/<\/a><br \/>\n<a href=\"https:\/\/semmelweis.hu\/hirek\/2017\/07\/10\/diplomaoszto-unnepseg-a-mentalhigiene-intezet-kepzesein\/\">https:\/\/semmelweis.hu\/hirek\/2017\/07\/10\/diplomaoszto-unnepseg-a-mentalhigiene-intezet-kepzesein\/<\/a><br \/>\nK\u00f6sz\u00f6nj\u00fck a besz\u00e1mol\u00f3kat Homonnay-Bukovenszki Orsoly\u00e1nak \u00e9s Keresztes Eszternek; a fot\u00f3kat pedig Kov\u00e1cs Attil\u00e1nak!<\/p>\n","protected":false},"author":101265,"featured_media":430,"comment_status":"closed","ping_status":"closed","sticky":false,"template":"","format":"standard","meta":{"_acf_changed":false,"footnotes":""},"categories":[1],"tags":[],"class_list":["post-185","post","type-post","status-publish","format-standard","has-post-thumbnail","hentry","category-hirek"],"acf":[],"_links":{"self":[{"href":"https:\/\/semmelweis.hu\/mental\/wp-json\/wp\/v2\/posts\/185","targetHints":{"allow":["GET"]}}],"collection":[{"href":"https:\/\/semmelweis.hu\/mental\/wp-json\/wp\/v2\/posts"}],"about":[{"href":"https:\/\/semmelweis.hu\/mental\/wp-json\/wp\/v2\/types\/post"}],"author":[{"embeddable":true,"href":"https:\/\/semmelweis.hu\/mental\/wp-json\/wp\/v2\/users\/101265"}],"replies":[{"embeddable":true,"href":"https:\/\/semmelweis.hu\/mental\/wp-json\/wp\/v2\/comments?post=185"}],"version-history":[{"count":4,"href":"https:\/\/semmelweis.hu\/mental\/wp-json\/wp\/v2\/posts\/185\/revisions"}],"predecessor-version":[{"id":1977,"href":"https:\/\/semmelweis.hu\/mental\/wp-json\/wp\/v2\/posts\/185\/revisions\/1977"}],"wp:featuredmedia":[{"embeddable":true,"href":"https:\/\/semmelweis.hu\/mental\/wp-json\/wp\/v2\/media\/430"}],"wp:attachment":[{"href":"https:\/\/semmelweis.hu\/mental\/wp-json\/wp\/v2\/media?parent=185"}],"wp:term":[{"taxonomy":"category","embeddable":true,"href":"https:\/\/semmelweis.hu\/mental\/wp-json\/wp\/v2\/categories?post=185"},{"taxonomy":"post_tag","embeddable":true,"href":"https:\/\/semmelweis.hu\/mental\/wp-json\/wp\/v2\/tags?post=185"}],"curies":[{"name":"wp","href":"https:\/\/api.w.org\/{rel}","templated":true}]}}