{"id":184,"date":"2018-06-08T00:00:00","date_gmt":"2018-06-07T22:00:00","guid":{"rendered":"http:\/\/semmelweis.hu\/mental\/814-konferencia-amikor-a-modell-megvalosul\/"},"modified":"2018-06-15T14:26:46","modified_gmt":"2018-06-15T12:26:46","slug":"konferencia-amikor-a-modell-megvalosul","status":"publish","type":"post","link":"https:\/\/semmelweis.hu\/mental\/2018\/06\/08\/konferencia-amikor-a-modell-megvalosul\/","title":{"rendered":"KONFERENCIA &#8211; &#8222;AMIKOR A MODELL MEGVAL\u00d3SUL&#8221;"},"content":{"rendered":"<p>\u201eAmikor a modell megval\u00f3sul\u201d \u2013 Ment\u00e1lis eg\u00e9szs\u00e9g \u00e9s demogr\u00e1fia c\u00edmmel\u00a02. konferenci\u00e1j\u00e1t rendezi meg\u00a0a Sz\u00f6vets\u00e9g a Csal\u00e1dok Lelki Eg\u00e9szs\u00e9g\u00e9\u00e9rt Egyes\u00fclet.<\/p>\n<p><strong>Id\u0151pont: okt\u00f3ber 13. p\u00e9ntek, 10 -15 \u00f3ra<\/strong><\/p>\n<p><strong>Helysz\u00edn: a MPT konferenciaterme<\/strong>\u00a0(1021 Bp. H\u0171v\u00f6sv\u00f6lgyi \u00fat 75\/a, vagy Versec sor 5.)<\/p>\n<p><strong>Program:<\/strong><\/p>\n<p><strong><em>El\u0151ad\u00e1sok<\/em><\/strong><\/p>\n<p>10.00 \u2013 10.30\u00a0Prof. Dr. D\u00e1vid Be\u00e1ta (szociol\u00f3gus, a Semmelweis Egyetem Ment\u00e1lhigi\u00e9n\u00e9s Int\u00e9zet igazgat\u00f3ja) &#8211; B\u00e1lity Csaba (Semmelweis Egyetem Eg\u00e9szs\u00e9g\u00fcgyi Menedzserk\u00e9pz\u0151 K\u00f6zpont):\u00a0<strong>A szem\u00e9lyes j\u00f3ll\u00e9t hat\u00e1sa a gyermeksz\u00e1m preferenci\u00e1kra<\/strong><\/p>\n<p><strong>\u00a0<\/strong>10.30 \u2013 11.00\u00a0Kapit\u00e1ny Bal\u00e1zs (szociol\u00f3gus, demogr\u00e1fus, a KSH N\u00e9pess\u00e9gtudom\u00e1nyi Kutat\u00f3int\u00e9zet igazgat\u00f3helyettese):\u00a0<strong>\u00c1talakul\u00f3 gyermekv\u00e1llal\u00e1si mint\u00e1k &#8211; a csal\u00e1di h\u00e1tt\u00e9r szerepe az egy\u00e9ni \u00e9letutakban<\/strong><\/p>\n<p>11.00 \u2013 11.30\u00a0Dr. Rosta Andrea (szociol\u00f3gus, a PPKE BTK tansz\u00e9kvezet\u0151 egyetemi docense):\u00a0<strong>A csal\u00e1di \u00e9letre nevel\u00e9s m\u00faltja \u00e9s jelene<\/strong><\/p>\n<p>11.30 \u2013 12.00\u00a0Hortob\u00e1gyin\u00e9 Dr. Nagy \u00c1gnes (orvos, szakmai felel\u0151s, Kecskem\u00e9t-Sz\u00e9chenyiv\u00e1rosi K\u00f6z\u00f6ss\u00e9g\u00e9p\u00edt\u0151 Egyes\u00fclet (SZ\u00c9K) a Csal\u00e1di \u00c9letre Nevel\u00e9s (CS\u00c9N) Program megalkot\u00f3ja):\u00a0<strong>Betekint\u00e9s a &#8222;Boldogabb csal\u00e1dok\u00e9rt&#8221; Csal\u00e1di \u00c9letre Nevel\u00e9s program m\u00f3dszertan\u00e1ba<\/strong><\/p>\n<p><strong style=\"font-size: 12.16px;\"><em>12.00 \u2013 13.00 szendvicseb\u00e9d<\/em><\/strong><\/p>\n<p><strong><em>13.00 \u2013 14.30 p\u00e1rhuzamos interakt\u00edv szekci\u00f3k<\/em><\/strong><\/p>\n<p>A) Guba Imre (csal\u00e1d-rendszer terapeuta): \u00a0<strong>A csoport, mint re-szocializ\u00e1ci\u00f3s lehet\u0151s\u00e9g a p\u00e1rkeres\u00e9sben<\/strong><\/p>\n<p>B) L\u00e9der L\u00e1szl\u00f3 (pszichol\u00f3gus): <strong>Apa Akad\u00e9mia \u2013 egy \u00faj \u00fat a csal\u00e1di ment\u00e1lhigi\u00e9n\u00e9ben<\/strong><\/p>\n<p><strong><em>14.30 \u2013 15.00 Z\u00e1r\u00f3 besz\u00e9lget\u00e9s<\/em><\/strong><\/p>\n<p>Csatolt dokumentumok (1)<br \/>\n&#8211; <a href=\"https:\/\/semmelweis.hu\/mental\/files\/2018\/06\/Jelentkez\u00e9si-lap-a-SZCSLEE-2.-Konferenci\u00e1j\u00e1ra.docx\">Jelentkez\u00e9si lap<\/a><\/p>\n","protected":false},"excerpt":{"rendered":"<p>\u201eAmikor a modell megval\u00f3sul\u201d \u2013 Ment\u00e1lis eg\u00e9szs\u00e9g \u00e9s demogr\u00e1fia c\u00edmmel\u00a02. konferenci\u00e1j\u00e1t rendezi meg\u00a0a Sz\u00f6vets\u00e9g a Csal\u00e1dok Lelki Eg\u00e9szs\u00e9g\u00e9\u00e9rt Egyes\u00fclet. Id\u0151pont: okt\u00f3ber 13. p\u00e9ntek, 10 -15 \u00f3ra Helysz\u00edn: a MPT konferenciaterme\u00a0(1021 Bp. H\u0171v\u00f6sv\u00f6lgyi \u00fat 75\/a, vagy Versec sor 5.) Program: El\u0151ad\u00e1sok 10.00 \u2013 10.30\u00a0Prof. Dr. D\u00e1vid Be\u00e1ta (szociol\u00f3gus, a Semmelweis Egyetem Ment\u00e1lhigi\u00e9n\u00e9s Int\u00e9zet igazgat\u00f3ja) &#8211; B\u00e1lity &hellip;<\/p>\n","protected":false},"author":101265,"featured_media":579,"comment_status":"closed","ping_status":"closed","sticky":false,"template":"","format":"standard","meta":{"_acf_changed":false,"footnotes":""},"categories":[1],"tags":[],"class_list":["post-184","post","type-post","status-publish","format-standard","has-post-thumbnail","hentry","category-hirek"],"acf":[],"_links":{"self":[{"href":"https:\/\/semmelweis.hu\/mental\/wp-json\/wp\/v2\/posts\/184","targetHints":{"allow":["GET"]}}],"collection":[{"href":"https:\/\/semmelweis.hu\/mental\/wp-json\/wp\/v2\/posts"}],"about":[{"href":"https:\/\/semmelweis.hu\/mental\/wp-json\/wp\/v2\/types\/post"}],"author":[{"embeddable":true,"href":"https:\/\/semmelweis.hu\/mental\/wp-json\/wp\/v2\/users\/101265"}],"replies":[{"embeddable":true,"href":"https:\/\/semmelweis.hu\/mental\/wp-json\/wp\/v2\/comments?post=184"}],"version-history":[{"count":4,"href":"https:\/\/semmelweis.hu\/mental\/wp-json\/wp\/v2\/posts\/184\/revisions"}],"predecessor-version":[{"id":1965,"href":"https:\/\/semmelweis.hu\/mental\/wp-json\/wp\/v2\/posts\/184\/revisions\/1965"}],"wp:featuredmedia":[{"embeddable":true,"href":"https:\/\/semmelweis.hu\/mental\/wp-json\/wp\/v2\/media\/579"}],"wp:attachment":[{"href":"https:\/\/semmelweis.hu\/mental\/wp-json\/wp\/v2\/media?parent=184"}],"wp:term":[{"taxonomy":"category","embeddable":true,"href":"https:\/\/semmelweis.hu\/mental\/wp-json\/wp\/v2\/categories?post=184"},{"taxonomy":"post_tag","embeddable":true,"href":"https:\/\/semmelweis.hu\/mental\/wp-json\/wp\/v2\/tags?post=184"}],"curies":[{"name":"wp","href":"https:\/\/api.w.org\/{rel}","templated":true}]}}