{"id":183,"date":"2018-06-08T00:00:00","date_gmt":"2018-06-07T22:00:00","guid":{"rendered":"http:\/\/semmelweis.hu\/mental\/809-munkatarsat-keresunk-szeptember\/"},"modified":"2018-06-15T14:40:30","modified_gmt":"2018-06-15T12:40:30","slug":"munkatarsat-keresunk","status":"publish","type":"post","link":"https:\/\/semmelweis.hu\/mental\/2018\/06\/08\/munkatarsat-keresunk\/","title":{"rendered":"MUNKAT\u00c1RSAT KERES\u00dcNK"},"content":{"rendered":"<p>Tan\u00e1rseg\u00e9d\u00a0munkat\u00e1rsat keres\u00fcnk. A p\u00e1ly\u00e1zat beny\u00fajt\u00e1s\u00e1nak hat\u00e1rideje:<\/p>\n<p><a href=\"https:\/\/semmelweis.hu\/mental\/files\/2018\/06\/08.25.-tan\u00e1rseg\u00e9d.pdf\" target=\"_blank\" rel=\"noopener\">&#8211; tan\u00e1rseg\u00e9d munkak\u00f6r eset\u00e9ben:\u00a0<\/a><span style=\"color: #ff0000;\"><strong>2017. szeptember 24.<\/strong><\/span><\/p>\n","protected":false},"excerpt":{"rendered":"<p>Tan\u00e1rseg\u00e9d\u00a0munkat\u00e1rsat keres\u00fcnk. A p\u00e1ly\u00e1zat beny\u00fajt\u00e1s\u00e1nak hat\u00e1rideje:<br \/>\n<a href=\"https:\/\/semmelweis.hu\/mental\/files\/2018\/06\/08.25.-tan\u00e1rseg\u00e9d.pdf\" target=\"_blank\" rel=\"noopener\">&#8211; tan\u00e1rseg\u00e9d munkak\u00f6r eset\u00e9ben:\u00a0<\/a>2017. szeptember 24.<\/p>\n","protected":false},"author":101265,"featured_media":543,"comment_status":"closed","ping_status":"closed","sticky":false,"template":"","format":"standard","meta":{"_acf_changed":false,"footnotes":""},"categories":[1],"tags":[],"class_list":["post-183","post","type-post","status-publish","format-standard","has-post-thumbnail","hentry","category-hirek"],"acf":[],"_links":{"self":[{"href":"https:\/\/semmelweis.hu\/mental\/wp-json\/wp\/v2\/posts\/183","targetHints":{"allow":["GET"]}}],"collection":[{"href":"https:\/\/semmelweis.hu\/mental\/wp-json\/wp\/v2\/posts"}],"about":[{"href":"https:\/\/semmelweis.hu\/mental\/wp-json\/wp\/v2\/types\/post"}],"author":[{"embeddable":true,"href":"https:\/\/semmelweis.hu\/mental\/wp-json\/wp\/v2\/users\/101265"}],"replies":[{"embeddable":true,"href":"https:\/\/semmelweis.hu\/mental\/wp-json\/wp\/v2\/comments?post=183"}],"version-history":[{"count":4,"href":"https:\/\/semmelweis.hu\/mental\/wp-json\/wp\/v2\/posts\/183\/revisions"}],"predecessor-version":[{"id":1974,"href":"https:\/\/semmelweis.hu\/mental\/wp-json\/wp\/v2\/posts\/183\/revisions\/1974"}],"wp:featuredmedia":[{"embeddable":true,"href":"https:\/\/semmelweis.hu\/mental\/wp-json\/wp\/v2\/media\/543"}],"wp:attachment":[{"href":"https:\/\/semmelweis.hu\/mental\/wp-json\/wp\/v2\/media?parent=183"}],"wp:term":[{"taxonomy":"category","embeddable":true,"href":"https:\/\/semmelweis.hu\/mental\/wp-json\/wp\/v2\/categories?post=183"},{"taxonomy":"post_tag","embeddable":true,"href":"https:\/\/semmelweis.hu\/mental\/wp-json\/wp\/v2\/tags?post=183"}],"curies":[{"name":"wp","href":"https:\/\/api.w.org\/{rel}","templated":true}]}}