{"id":182,"date":"2018-06-08T00:00:00","date_gmt":"2018-06-07T22:00:00","guid":{"rendered":"http:\/\/semmelweis.hu\/mental\/815-felveteli-csaladtudomanyi-es-csaladterapias-kepzesre\/"},"modified":"2018-06-15T14:37:57","modified_gmt":"2018-06-15T12:37:57","slug":"felveteli-csaladtudomanyi-es-csaladterapias-mesterkepzesre","status":"publish","type":"post","link":"https:\/\/semmelweis.hu\/mental\/2018\/06\/08\/felveteli-csaladtudomanyi-es-csaladterapias-mesterkepzesre\/","title":{"rendered":"FELV\u00c9TELI CSAL\u00c1DTUDOM\u00c1NYI \u00c9S CSAL\u00c1DTER\u00c1PI\u00c1S MESTERK\u00c9PZ\u00c9SRE"},"content":{"rendered":"<p>A k\u00e9pz\u00e9sre els\u0151sorban olyan jelentkez\u0151ket v\u00e1runk, <strong><em>akik munk\u00e1juk r\u00e9v\u00e9n kapcsolatban \u00e1llnak csal\u00e1dokkal, p\u00e1rokkal, \u00e9s m\u00e1r van seg\u00edt\u0151 kapcsolati tapasztalatuk<\/em><\/strong>.<\/p>\n<p>A k\u00e9pz\u00e9s c\u00e9lja olyan szakemberek k\u00e9pz\u00e9se, akik korszer\u0171 csal\u00e1dtudom\u00e1nyi \u00e9s csal\u00e1dter\u00e1pi\u00e1s elm\u00e9letek \u00e9s a hozz\u00e1juk kapcsol\u00f3d\u00f3 m\u00f3dszertani \u00e9s gyakorlati ismeretek birtok\u00e1ban k\u00e9pesek <strong><em>a csal\u00e1dter\u00e1pi\u00e1s m\u00f3dszerek \u00e9s szeml\u00e9letm\u00f3d magas szint\u0171 alkalmaz\u00e1s\u00e1ra<\/em><\/strong>. Csal\u00e1dter\u00e1pi\u00e1s \u00e9s rendszerszeml\u00e9let\u0171 beavatkoz\u00e1sok r\u00e9v\u00e9n k\u00e9pesek megel\u0151z\u0151, t\u00e1mogat\u00f3, er\u0151forr\u00e1sokat felt\u00e1r\u00f3 m\u00f3don hat\u00e1st gyakorolni a csal\u00e1di kapcsolatokra.<\/p>\n<p>A k\u00e9pz\u00e9s <strong><em><span style=\"text-decoration: underline;\">n\u00e9gy f\u00e9l\u00e9ves, levelez\u0151<\/span><\/em><\/strong> form\u00e1ban indul, <strong><em>havi egy szerda-cs\u00fct\u00f6rt\u00f6k-p\u00e9ntek<\/em><\/strong>en, amit kieg\u00e9sz\u00edt a terephelyen v\u00e9gzett gyakorlat \u00e9s saj\u00e1t esetek vitele.<\/p>\n<p>A k\u00e9pz\u00e9sre <strong><em>\u00e1llamilag finansz\u00edrozott<\/em><\/strong> \u00e9s k\u00f6lts\u00e9gt\u00e9r\u00edt\u00e9ses form\u00e1ban is lehet jelentkezni. Ez azt jelenti, hogy <strong><em>akik m\u00e9g nem haszn\u00e1lt\u00e1k el az \u00e1llami finansz\u00edroz\u00e1s\u00fa f\u00e9l\u00e9veiket (12 f\u00e9l\u00e9v), felv\u00e9tel eset\u00e9n tand\u00edjfizet\u00e9si k\u00f6telezetts\u00e9g n\u00e9lk\u00fcl tanulhatnak<\/em><\/strong>. K\u00f6lts\u00e9gt\u00e9r\u00edt\u00e9ses form\u00e1ban a tand\u00edj: 300.000 Ft \/ f\u00e9l\u00e9v.<\/p>\n<p>A k\u00e9pz\u00e9s tartalmi r\u00e9szletei, tant\u00e1rgyi k\u00f6vetelm\u00e9nyei, a jelentkez\u00e9si felt\u00e9telek r\u00e9szletesen megtal\u00e1lhat\u00f3k a Semmelweis Egyetem Ment\u00e1lhigi\u00e9n\u00e9 Int\u00e9zet\u00e9nek honlapj\u00e1n:<\/p>\n<p><a href=\"https:\/\/semmelweis.hu\/mental\/mesterkepzesek\/csaladtudomany-es-csaladterapia\/\">https:\/\/semmelweis.hu\/mental\/mesterkepzesek\/csaladtudomany-es-csaladterapia\/<\/a><\/p>\n<p><strong><em>Az \u00e9vfolyam kis l\u00e9tsz\u00e1mmal indul, <\/em><\/strong>mely lehet\u0151v\u00e9 teszi a szakmai m\u0171hely jelleg\u0171 k\u00e9pz\u00e9si form\u00e1t, ez\u00e9rt <strong><em>motiv\u00e1lt \u00e9s elhivatott hallgat\u00f3k<\/em><\/strong> jelentkez\u00e9s\u00e9t v\u00e1rjuk.<\/p>\n","protected":false},"excerpt":{"rendered":"<p>A k\u00e9pz\u00e9sre els\u0151sorban olyan jelentkez\u0151ket v\u00e1runk, akik munk\u00e1juk r\u00e9v\u00e9n kapcsolatban \u00e1llnak csal\u00e1dokkal, p\u00e1rokkal, \u00e9s m\u00e1r van seg\u00edt\u0151 kapcsolati tapasztalatuk. A k\u00e9pz\u00e9s c\u00e9lja olyan szakemberek k\u00e9pz\u00e9se, akik korszer\u0171 csal\u00e1dtudom\u00e1nyi \u00e9s csal\u00e1dter\u00e1pi\u00e1s elm\u00e9letek \u00e9s a hozz\u00e1juk kapcsol\u00f3d\u00f3 m\u00f3dszertani \u00e9s gyakorlati ismeretek birtok\u00e1ban k\u00e9pesek a csal\u00e1dter\u00e1pi\u00e1s m\u00f3dszerek \u00e9s szeml\u00e9letm\u00f3d magas szint\u0171 alkalmaz\u00e1s\u00e1ra. Csal\u00e1dter\u00e1pi\u00e1s \u00e9s rendszerszeml\u00e9let\u0171 beavatkoz\u00e1sok r\u00e9v\u00e9n k\u00e9pesek &hellip;<\/p>\n","protected":false},"author":101265,"featured_media":454,"comment_status":"closed","ping_status":"closed","sticky":false,"template":"","format":"standard","meta":{"_acf_changed":false,"footnotes":""},"categories":[1],"tags":[],"class_list":["post-182","post","type-post","status-publish","format-standard","has-post-thumbnail","hentry","category-hirek"],"acf":[],"_links":{"self":[{"href":"https:\/\/semmelweis.hu\/mental\/wp-json\/wp\/v2\/posts\/182","targetHints":{"allow":["GET"]}}],"collection":[{"href":"https:\/\/semmelweis.hu\/mental\/wp-json\/wp\/v2\/posts"}],"about":[{"href":"https:\/\/semmelweis.hu\/mental\/wp-json\/wp\/v2\/types\/post"}],"author":[{"embeddable":true,"href":"https:\/\/semmelweis.hu\/mental\/wp-json\/wp\/v2\/users\/101265"}],"replies":[{"embeddable":true,"href":"https:\/\/semmelweis.hu\/mental\/wp-json\/wp\/v2\/comments?post=182"}],"version-history":[{"count":4,"href":"https:\/\/semmelweis.hu\/mental\/wp-json\/wp\/v2\/posts\/182\/revisions"}],"predecessor-version":[{"id":1971,"href":"https:\/\/semmelweis.hu\/mental\/wp-json\/wp\/v2\/posts\/182\/revisions\/1971"}],"wp:featuredmedia":[{"embeddable":true,"href":"https:\/\/semmelweis.hu\/mental\/wp-json\/wp\/v2\/media\/454"}],"wp:attachment":[{"href":"https:\/\/semmelweis.hu\/mental\/wp-json\/wp\/v2\/media?parent=182"}],"wp:term":[{"taxonomy":"category","embeddable":true,"href":"https:\/\/semmelweis.hu\/mental\/wp-json\/wp\/v2\/categories?post=182"},{"taxonomy":"post_tag","embeddable":true,"href":"https:\/\/semmelweis.hu\/mental\/wp-json\/wp\/v2\/tags?post=182"}],"curies":[{"name":"wp","href":"https:\/\/api.w.org\/{rel}","templated":true}]}}