{"id":181,"date":"2018-06-08T00:00:00","date_gmt":"2018-06-07T22:00:00","guid":{"rendered":"http:\/\/semmelweis.hu\/mental\/806-potfelveteli\/"},"modified":"2018-06-15T14:34:34","modified_gmt":"2018-06-15T12:34:34","slug":"potfelveteli","status":"publish","type":"post","link":"https:\/\/semmelweis.hu\/mental\/2018\/06\/08\/potfelveteli\/","title":{"rendered":"P\u00d3TFELV\u00c9TELI"},"content":{"rendered":"<p>A Semmelweis Egyetem Eg\u00e9szs\u00e9g\u00fcgyi K\u00f6zszolg\u00e1lati Kara szoci\u00e1lis munka<\/p>\n<p>szakra p\u00f3tfelv\u00e9telit hirdet. R\u00e9szletek az al\u00e1bbi linken:<\/p>\n<p>https:\/\/www.felvi.hu\/felveteli\/egyetemek_foiskolak\/!IntezmenyiOldalak\/meghirdetes.php?meg_id=5512<\/p>\n","protected":false},"excerpt":{"rendered":"<p>A Semmelweis Egyetem Eg\u00e9szs\u00e9g\u00fcgyi K\u00f6zszolg\u00e1lati Kara szoci\u00e1lis munka<br \/>\nszakra p\u00f3tfelv\u00e9telit hirdet. R\u00e9szletek az al\u00e1bbi linken:<br \/>\nhttps:\/\/www.felvi.hu\/felveteli\/egyetemek_foiskolak\/!IntezmenyiOldalak\/meghirdetes.php?meg_id=5512<\/p>\n","protected":false},"author":101265,"featured_media":561,"comment_status":"closed","ping_status":"closed","sticky":false,"template":"","format":"standard","meta":{"_acf_changed":false,"footnotes":""},"categories":[1],"tags":[],"class_list":["post-181","post","type-post","status-publish","format-standard","has-post-thumbnail","hentry","category-hirek"],"acf":[],"_links":{"self":[{"href":"https:\/\/semmelweis.hu\/mental\/wp-json\/wp\/v2\/posts\/181","targetHints":{"allow":["GET"]}}],"collection":[{"href":"https:\/\/semmelweis.hu\/mental\/wp-json\/wp\/v2\/posts"}],"about":[{"href":"https:\/\/semmelweis.hu\/mental\/wp-json\/wp\/v2\/types\/post"}],"author":[{"embeddable":true,"href":"https:\/\/semmelweis.hu\/mental\/wp-json\/wp\/v2\/users\/101265"}],"replies":[{"embeddable":true,"href":"https:\/\/semmelweis.hu\/mental\/wp-json\/wp\/v2\/comments?post=181"}],"version-history":[{"count":3,"href":"https:\/\/semmelweis.hu\/mental\/wp-json\/wp\/v2\/posts\/181\/revisions"}],"predecessor-version":[{"id":1969,"href":"https:\/\/semmelweis.hu\/mental\/wp-json\/wp\/v2\/posts\/181\/revisions\/1969"}],"wp:featuredmedia":[{"embeddable":true,"href":"https:\/\/semmelweis.hu\/mental\/wp-json\/wp\/v2\/media\/561"}],"wp:attachment":[{"href":"https:\/\/semmelweis.hu\/mental\/wp-json\/wp\/v2\/media?parent=181"}],"wp:term":[{"taxonomy":"category","embeddable":true,"href":"https:\/\/semmelweis.hu\/mental\/wp-json\/wp\/v2\/categories?post=181"},{"taxonomy":"post_tag","embeddable":true,"href":"https:\/\/semmelweis.hu\/mental\/wp-json\/wp\/v2\/tags?post=181"}],"curies":[{"name":"wp","href":"https:\/\/api.w.org\/{rel}","templated":true}]}}