{"id":180,"date":"2018-06-08T00:00:00","date_gmt":"2018-06-07T22:00:00","guid":{"rendered":"http:\/\/semmelweis.hu\/mental\/823-tudomanyos-kave-konferencia-beszamolo\/"},"modified":"2018-06-15T14:33:14","modified_gmt":"2018-06-15T12:33:14","slug":"tudomanyos-kave-konferencia-beszamolo","status":"publish","type":"post","link":"https:\/\/semmelweis.hu\/mental\/2018\/06\/08\/tudomanyos-kave-konferencia-beszamolo\/","title":{"rendered":"TUDOM\u00c1NYOS K\u00c1V\u00c9 &#8211; KONFERENCIA BESZ\u00c1MOL\u00d3"},"content":{"rendered":"<p>November 29-\u00e9n, szerd\u00e1n 8:30-t\u00f3l 9:50-ig szeretettel v\u00e1runk mindenkit a Tudom\u00e1nyos k\u00e1v\u00e9n.<br \/>\nKoll\u00e9g\u00e1ink Cs\u00e1ky-Pallavicini Zs\u00f3fia, J\u00e1ray M\u00e1rton \u00e9s Jo\u00f3b M\u00e1t\u00e9 az International Federation For Therapeutic and Counseling Choice (IFTCC) tudom\u00e1nyos konferenci\u00e1r\u00f3l sz\u00e1molnak be.<\/p>\n","protected":false},"excerpt":{"rendered":"<p>November 29-\u00e9n, szerd\u00e1n 8:30-t\u00f3l 9:50-ig szeretettel v\u00e1runk mindenkit a Tudom\u00e1nyos k\u00e1v\u00e9n.<br \/>\nKoll\u00e9g\u00e1ink Cs\u00e1ky-Pallavicini Zs\u00f3fia, J\u00e1ray M\u00e1rton \u00e9s Jo\u00f3b M\u00e1t\u00e9 az International Federation For Therapeutic and Counseling Choice (IFTCC) tudom\u00e1nyos konferenci\u00e1r\u00f3l sz\u00e1molnak be.<\/p>\n","protected":false},"author":101265,"featured_media":489,"comment_status":"closed","ping_status":"closed","sticky":false,"template":"","format":"standard","meta":{"_acf_changed":false,"footnotes":""},"categories":[1],"tags":[],"class_list":["post-180","post","type-post","status-publish","format-standard","has-post-thumbnail","hentry","category-hirek"],"acf":[],"_links":{"self":[{"href":"https:\/\/semmelweis.hu\/mental\/wp-json\/wp\/v2\/posts\/180","targetHints":{"allow":["GET"]}}],"collection":[{"href":"https:\/\/semmelweis.hu\/mental\/wp-json\/wp\/v2\/posts"}],"about":[{"href":"https:\/\/semmelweis.hu\/mental\/wp-json\/wp\/v2\/types\/post"}],"author":[{"embeddable":true,"href":"https:\/\/semmelweis.hu\/mental\/wp-json\/wp\/v2\/users\/101265"}],"replies":[{"embeddable":true,"href":"https:\/\/semmelweis.hu\/mental\/wp-json\/wp\/v2\/comments?post=180"}],"version-history":[{"count":3,"href":"https:\/\/semmelweis.hu\/mental\/wp-json\/wp\/v2\/posts\/180\/revisions"}],"predecessor-version":[{"id":1968,"href":"https:\/\/semmelweis.hu\/mental\/wp-json\/wp\/v2\/posts\/180\/revisions\/1968"}],"wp:featuredmedia":[{"embeddable":true,"href":"https:\/\/semmelweis.hu\/mental\/wp-json\/wp\/v2\/media\/489"}],"wp:attachment":[{"href":"https:\/\/semmelweis.hu\/mental\/wp-json\/wp\/v2\/media?parent=180"}],"wp:term":[{"taxonomy":"category","embeddable":true,"href":"https:\/\/semmelweis.hu\/mental\/wp-json\/wp\/v2\/categories?post=180"},{"taxonomy":"post_tag","embeddable":true,"href":"https:\/\/semmelweis.hu\/mental\/wp-json\/wp\/v2\/tags?post=180"}],"curies":[{"name":"wp","href":"https:\/\/api.w.org\/{rel}","templated":true}]}}