{"id":179,"date":"2018-06-08T00:00:00","date_gmt":"2018-06-07T22:00:00","guid":{"rendered":"http:\/\/semmelweis.hu\/mental\/800-diplomaoszto-lelkigondozo-kepzes-2017\/"},"modified":"2018-06-15T14:32:11","modified_gmt":"2018-06-15T12:32:11","slug":"diplomaoszto-lelkigondozo-kepzesen-2017","status":"publish","type":"post","link":"https:\/\/semmelweis.hu\/mental\/2018\/06\/08\/diplomaoszto-lelkigondozo-kepzesen-2017\/","title":{"rendered":"DIPLOMAOSZT\u00d3 &#8211; LELKIGONDOZ\u00d3 K\u00c9PZ\u00c9SEN"},"content":{"rendered":"<p>A ment\u00e1lhigi\u00e9n\u00e9s lelkigondoz\u00f3 k\u00e9pz\u00e9s v\u00e9gz\u0151s hallgat\u00f3i szeretettel megh\u00edvj\u00e1k h\u00e1laad\u00f3 \u00e1h\u00edtatukra \u00e9s diploma\u00e1tad\u00f3 \u00fcnneps\u00e9g\u00fckre.<br \/>\nId\u0151pont:\u00a0<span style=\"color: #ff0000;\"><strong>2017. j\u00falius 7. (p\u00e9ntek) 10.00 \u00f3ra<\/strong><\/span><br \/>\nHelysz\u00edn:<strong>\u00a0<span style=\"color: #ff0000;\">P\u00e1rbesz\u00e9d H\u00e1za, D\u00edszterem I. em<\/span><span style=\"color: #ff0000;\">.<\/span><\/strong>\u00a0(1085, Budapest, Hor\u00e1nszky u. 20.)<\/p>\n","protected":false},"excerpt":{"rendered":"<p>A ment\u00e1lhigi\u00e9n\u00e9s lelkigondoz\u00f3 k\u00e9pz\u00e9s v\u00e9gz\u0151s hallgat\u00f3i szeretettel megh\u00edvj\u00e1k h\u00e1laad\u00f3 \u00e1h\u00edtatukra \u00e9s diploma\u00e1tad\u00f3 \u00fcnneps\u00e9g\u00fckre.<br \/>\nId\u0151pont:\u00a02017. j\u00falius 7. (p\u00e9ntek) 10.00 \u00f3ra<br \/>\nHelysz\u00edn:\u00a0P\u00e1rbesz\u00e9d H\u00e1za, D\u00edszterem I. em.\u00a0(1085, Budapest, Hor\u00e1nszky u. 20.)<\/p>\n","protected":false},"author":101265,"featured_media":527,"comment_status":"closed","ping_status":"closed","sticky":false,"template":"","format":"standard","meta":{"_acf_changed":false,"footnotes":""},"categories":[1],"tags":[],"class_list":["post-179","post","type-post","status-publish","format-standard","has-post-thumbnail","hentry","category-hirek"],"acf":[],"_links":{"self":[{"href":"https:\/\/semmelweis.hu\/mental\/wp-json\/wp\/v2\/posts\/179","targetHints":{"allow":["GET"]}}],"collection":[{"href":"https:\/\/semmelweis.hu\/mental\/wp-json\/wp\/v2\/posts"}],"about":[{"href":"https:\/\/semmelweis.hu\/mental\/wp-json\/wp\/v2\/types\/post"}],"author":[{"embeddable":true,"href":"https:\/\/semmelweis.hu\/mental\/wp-json\/wp\/v2\/users\/101265"}],"replies":[{"embeddable":true,"href":"https:\/\/semmelweis.hu\/mental\/wp-json\/wp\/v2\/comments?post=179"}],"version-history":[{"count":3,"href":"https:\/\/semmelweis.hu\/mental\/wp-json\/wp\/v2\/posts\/179\/revisions"}],"predecessor-version":[{"id":1967,"href":"https:\/\/semmelweis.hu\/mental\/wp-json\/wp\/v2\/posts\/179\/revisions\/1967"}],"wp:featuredmedia":[{"embeddable":true,"href":"https:\/\/semmelweis.hu\/mental\/wp-json\/wp\/v2\/media\/527"}],"wp:attachment":[{"href":"https:\/\/semmelweis.hu\/mental\/wp-json\/wp\/v2\/media?parent=179"}],"wp:term":[{"taxonomy":"category","embeddable":true,"href":"https:\/\/semmelweis.hu\/mental\/wp-json\/wp\/v2\/categories?post=179"},{"taxonomy":"post_tag","embeddable":true,"href":"https:\/\/semmelweis.hu\/mental\/wp-json\/wp\/v2\/tags?post=179"}],"curies":[{"name":"wp","href":"https:\/\/api.w.org\/{rel}","templated":true}]}}