{"id":178,"date":"2018-06-08T00:00:00","date_gmt":"2018-06-07T22:00:00","guid":{"rendered":"http:\/\/semmelweis.hu\/mental\/810-oktatoink-a-mindenki-akademiajaban\/"},"modified":"2018-06-15T14:28:29","modified_gmt":"2018-06-15T12:28:29","slug":"oktatoink-eloadasa-a-mindenki-akademiajaban","status":"publish","type":"post","link":"https:\/\/semmelweis.hu\/mental\/2018\/06\/08\/oktatoink-eloadasa-a-mindenki-akademiajaban\/","title":{"rendered":"OKTAT\u00d3INK EL\u0150AD\u00c1SA A MINDENKI AKAD\u00c9MI\u00c1J\u00c1BAN"},"content":{"rendered":"<p>Oktat\u00f3ink k\u00f6z\u00fcl <a href=\"http:\/\/www.mediaklikk.hu\/video\/mindenki-akademiaja-bone-veronika-art-vagy-ved-a-szoptato-anyat-korulvevo-tarsadalom\/\" target=\"_blank\" rel=\"noopener\">B\u00f3n\u00e9 Veronika<\/a>\u00a0\u00e9s\u00a0<a href=\"https:\/\/www.youtube.com\/watch?v=X-nOYQw1mzM\">D\u00e1vid Bea<\/a>\u00a0tartott el\u0151ad\u00e1st a Mindenki Akad\u00e9mi\u00e1ja c\u00edm\u0171 m\u0171sorban.<\/p>\n","protected":false},"excerpt":{"rendered":"<p>Oktat\u00f3ink k\u00f6z\u00fcl <a href=\"http:\/\/www.mediaklikk.hu\/video\/mindenki-akademiaja-bone-veronika-art-vagy-ved-a-szoptato-anyat-korulvevo-tarsadalom\/\" target=\"_blank\" rel=\"noopener\">B\u00f3n\u00e9 Veronika<\/a>\u00a0\u00e9s\u00a0<a href=\"https:\/\/www.youtube.com\/watch?v=X-nOYQw1mzM\">D\u00e1vid Bea<\/a>\u00a0tartott el\u0151ad\u00e1st a Mindenki Akad\u00e9mi\u00e1ja c\u00edm\u0171 m\u0171sorban.<\/p>\n","protected":false},"author":101265,"featured_media":601,"comment_status":"closed","ping_status":"closed","sticky":false,"template":"","format":"standard","meta":{"_acf_changed":false,"footnotes":""},"categories":[1],"tags":[],"class_list":["post-178","post","type-post","status-publish","format-standard","has-post-thumbnail","hentry","category-hirek"],"acf":[],"_links":{"self":[{"href":"https:\/\/semmelweis.hu\/mental\/wp-json\/wp\/v2\/posts\/178","targetHints":{"allow":["GET"]}}],"collection":[{"href":"https:\/\/semmelweis.hu\/mental\/wp-json\/wp\/v2\/posts"}],"about":[{"href":"https:\/\/semmelweis.hu\/mental\/wp-json\/wp\/v2\/types\/post"}],"author":[{"embeddable":true,"href":"https:\/\/semmelweis.hu\/mental\/wp-json\/wp\/v2\/users\/101265"}],"replies":[{"embeddable":true,"href":"https:\/\/semmelweis.hu\/mental\/wp-json\/wp\/v2\/comments?post=178"}],"version-history":[{"count":3,"href":"https:\/\/semmelweis.hu\/mental\/wp-json\/wp\/v2\/posts\/178\/revisions"}],"predecessor-version":[{"id":1966,"href":"https:\/\/semmelweis.hu\/mental\/wp-json\/wp\/v2\/posts\/178\/revisions\/1966"}],"wp:featuredmedia":[{"embeddable":true,"href":"https:\/\/semmelweis.hu\/mental\/wp-json\/wp\/v2\/media\/601"}],"wp:attachment":[{"href":"https:\/\/semmelweis.hu\/mental\/wp-json\/wp\/v2\/media?parent=178"}],"wp:term":[{"taxonomy":"category","embeddable":true,"href":"https:\/\/semmelweis.hu\/mental\/wp-json\/wp\/v2\/categories?post=178"},{"taxonomy":"post_tag","embeddable":true,"href":"https:\/\/semmelweis.hu\/mental\/wp-json\/wp\/v2\/tags?post=178"}],"curies":[{"name":"wp","href":"https:\/\/api.w.org\/{rel}","templated":true}]}}