{"id":177,"date":"2018-06-08T00:00:00","date_gmt":"2018-06-07T22:00:00","guid":{"rendered":"http:\/\/semmelweis.hu\/mental\/818-jubileumi-unnepseg-az-intezetben\/"},"modified":"2018-06-15T14:23:32","modified_gmt":"2018-06-15T12:23:32","slug":"jubileumi-unnepseg-az-intezetben","status":"publish","type":"post","link":"https:\/\/semmelweis.hu\/mental\/2018\/06\/08\/jubileumi-unnepseg-az-intezetben\/","title":{"rendered":"JUBILEUMI \u00dcNNEPS\u00c9G AZ INT\u00c9ZETBEN"},"content":{"rendered":"<p>H\u00e1rmas jubileumot \u00fcnnepelt okt\u00f3ber 25-\u00e9n a Ment\u00e1lhigi\u00e9n\u00e9 Int\u00e9zet. Az err\u0151l k\u00e9sz\u00fclt besz\u00e1mol\u00f3, valamint a <a href=\"https:\/\/semmelweis.hu\/hirek\/2017\/10\/30\/jubileumi-unnepseg-a-mentalhigiene-intezet-kepzeseinek-kerek-evforduloin\/\" target=\"_blank\" rel=\"noopener\">fot\u00f3k megtal\u00e1lhat\u00f3k az Egyetem honlapj\u00e1n<\/a>.<\/p>\n","protected":false},"excerpt":{"rendered":"<p>H\u00e1rmas jubileumot \u00fcnnepelt okt\u00f3ber 25-\u00e9n a Ment\u00e1lhigi\u00e9n\u00e9 Int\u00e9zet. Az err\u0151l k\u00e9sz\u00fclt besz\u00e1mol\u00f3, valamint a <a href=\"https:\/\/semmelweis.hu\/hirek\/2017\/10\/30\/jubileumi-unnepseg-a-mentalhigiene-intezet-kepzeseinek-kerek-evforduloin\/\" target=\"_blank\" rel=\"noopener\">fot\u00f3k megtal\u00e1lhat\u00f3k az Egyetem honlapj\u00e1n<\/a>.<\/p>\n","protected":false},"author":101265,"featured_media":487,"comment_status":"closed","ping_status":"closed","sticky":false,"template":"","format":"standard","meta":{"_acf_changed":false,"footnotes":""},"categories":[1],"tags":[],"class_list":["post-177","post","type-post","status-publish","format-standard","has-post-thumbnail","hentry","category-hirek"],"acf":[],"_links":{"self":[{"href":"https:\/\/semmelweis.hu\/mental\/wp-json\/wp\/v2\/posts\/177","targetHints":{"allow":["GET"]}}],"collection":[{"href":"https:\/\/semmelweis.hu\/mental\/wp-json\/wp\/v2\/posts"}],"about":[{"href":"https:\/\/semmelweis.hu\/mental\/wp-json\/wp\/v2\/types\/post"}],"author":[{"embeddable":true,"href":"https:\/\/semmelweis.hu\/mental\/wp-json\/wp\/v2\/users\/101265"}],"replies":[{"embeddable":true,"href":"https:\/\/semmelweis.hu\/mental\/wp-json\/wp\/v2\/comments?post=177"}],"version-history":[{"count":3,"href":"https:\/\/semmelweis.hu\/mental\/wp-json\/wp\/v2\/posts\/177\/revisions"}],"predecessor-version":[{"id":1962,"href":"https:\/\/semmelweis.hu\/mental\/wp-json\/wp\/v2\/posts\/177\/revisions\/1962"}],"wp:featuredmedia":[{"embeddable":true,"href":"https:\/\/semmelweis.hu\/mental\/wp-json\/wp\/v2\/media\/487"}],"wp:attachment":[{"href":"https:\/\/semmelweis.hu\/mental\/wp-json\/wp\/v2\/media?parent=177"}],"wp:term":[{"taxonomy":"category","embeddable":true,"href":"https:\/\/semmelweis.hu\/mental\/wp-json\/wp\/v2\/categories?post=177"},{"taxonomy":"post_tag","embeddable":true,"href":"https:\/\/semmelweis.hu\/mental\/wp-json\/wp\/v2\/tags?post=177"}],"curies":[{"name":"wp","href":"https:\/\/api.w.org\/{rel}","templated":true}]}}