{"id":176,"date":"2018-06-08T00:00:00","date_gmt":"2018-06-07T22:00:00","guid":{"rendered":"http:\/\/semmelweis.hu\/mental\/840-a-munkahelyi-flow-nyomaban\/"},"modified":"2018-06-15T13:59:04","modified_gmt":"2018-06-15T11:59:04","slug":"840-a-munkahelyi-flow-nyomaban","status":"publish","type":"post","link":"https:\/\/semmelweis.hu\/mental\/2018\/06\/08\/840-a-munkahelyi-flow-nyomaban\/","title":{"rendered":"TUDOM\u00c1NYOS K\u00c1V\u00c9 &#8211; A MUNKAHELYI FLOW NYOM\u00c1BAN"},"content":{"rendered":"<p><strong>Febru\u00e1r 14.-\u00e9n<\/strong> (szerd\u00e1n) <strong>8:30<\/strong>-10:00 k\u00f6z\u00f6tt a <strong>NET Fsz 81<\/strong>-ben szeretettel v\u00e1runk minden kedves \u00e9rdekl\u0151d\u0151t <strong>K\u00e1llai Gy\u00f6ngyi: A munkahelyi Flow nyom\u00e1ban<\/strong> c\u00edm\u0171 el\u0151ad\u00e1s\u00e1ra.<br \/>\nAz el\u0151ad\u00e1s sor\u00e1n Az \u00e1ramlat\u00e9lm\u00e9ny munkahelyi k\u00f6rnyezetben t\u00f6rt\u00e9n\u0151 vizsg\u00e1lata, valamint a Flow-gyakoris\u00e1got potenci\u00e1lisan befoly\u00e1sol\u00f3 t\u00e9nyez\u0151k felt\u00e1r\u00e1s\u00e1nak lehet\u0151s\u00e9geit ismerhetj\u00fck meg a verseny \u00e9s a k\u00f6zszf\u00e9r\u00e1ban.<\/p>\n","protected":false},"excerpt":{"rendered":"<p>Febru\u00e1r 14.-\u00e9n (szerd\u00e1n) 8:30-10:00 k\u00f6z\u00f6tt a NET Fsz 81-ben szeretettel v\u00e1runk minden kedves \u00e9rdekl\u0151d\u0151t K\u00e1llai Gy\u00f6ngyi: A munkahelyi Flow nyom\u00e1ban c\u00edm\u0171 el\u0151ad\u00e1s\u00e1ra.<br \/>\nAz el\u0151ad\u00e1s sor\u00e1n Az \u00e1ramlat\u00e9lm\u00e9ny munkahelyi k\u00f6rnyezetben t\u00f6rt\u00e9n\u0151 vizsg\u00e1lata, valamint a Flow-gyakoris\u00e1got potenci\u00e1lisan befoly\u00e1sol\u00f3 t\u00e9nyez\u0151k felt\u00e1r\u00e1s\u00e1nak lehet\u0151s\u00e9geit ismerhetj\u00fck meg a verseny \u00e9s a k\u00f6zszf\u00e9r\u00e1ban.<\/p>\n","protected":false},"author":101265,"featured_media":489,"comment_status":"closed","ping_status":"closed","sticky":false,"template":"","format":"standard","meta":{"_acf_changed":false,"footnotes":""},"categories":[1],"tags":[],"class_list":["post-176","post","type-post","status-publish","format-standard","has-post-thumbnail","hentry","category-hirek"],"acf":[],"_links":{"self":[{"href":"https:\/\/semmelweis.hu\/mental\/wp-json\/wp\/v2\/posts\/176","targetHints":{"allow":["GET"]}}],"collection":[{"href":"https:\/\/semmelweis.hu\/mental\/wp-json\/wp\/v2\/posts"}],"about":[{"href":"https:\/\/semmelweis.hu\/mental\/wp-json\/wp\/v2\/types\/post"}],"author":[{"embeddable":true,"href":"https:\/\/semmelweis.hu\/mental\/wp-json\/wp\/v2\/users\/101265"}],"replies":[{"embeddable":true,"href":"https:\/\/semmelweis.hu\/mental\/wp-json\/wp\/v2\/comments?post=176"}],"version-history":[{"count":3,"href":"https:\/\/semmelweis.hu\/mental\/wp-json\/wp\/v2\/posts\/176\/revisions"}],"predecessor-version":[{"id":1947,"href":"https:\/\/semmelweis.hu\/mental\/wp-json\/wp\/v2\/posts\/176\/revisions\/1947"}],"wp:featuredmedia":[{"embeddable":true,"href":"https:\/\/semmelweis.hu\/mental\/wp-json\/wp\/v2\/media\/489"}],"wp:attachment":[{"href":"https:\/\/semmelweis.hu\/mental\/wp-json\/wp\/v2\/media?parent=176"}],"wp:term":[{"taxonomy":"category","embeddable":true,"href":"https:\/\/semmelweis.hu\/mental\/wp-json\/wp\/v2\/categories?post=176"},{"taxonomy":"post_tag","embeddable":true,"href":"https:\/\/semmelweis.hu\/mental\/wp-json\/wp\/v2\/tags?post=176"}],"curies":[{"name":"wp","href":"https:\/\/api.w.org\/{rel}","templated":true}]}}