{"id":175,"date":"2018-06-08T00:00:00","date_gmt":"2018-06-07T22:00:00","guid":{"rendered":"http:\/\/semmelweis.hu\/mental\/826-tudomanyos-kave-haziorvosok-es-idosellatas\/"},"modified":"2018-06-15T14:21:19","modified_gmt":"2018-06-15T12:21:19","slug":"tudomanyos-kave-haziorvosok-es-idosellatas","status":"publish","type":"post","link":"https:\/\/semmelweis.hu\/mental\/2018\/06\/08\/tudomanyos-kave-haziorvosok-es-idosellatas\/","title":{"rendered":"TUDOM\u00c1NYOS K\u00c1V\u00c9 &#8211; H\u00c1ZIORVOSOK \u00c9S ID\u0150SELL\u00c1T\u00c1S"},"content":{"rendered":"<p>A decemberi tudom\u00e1nyos k\u00e1v\u00e9n el\u0151ad\u00f3nk <strong>Tr\u00f3bert Anett M\u00e1ria<\/strong>.<br \/>\nEl\u0151ad\u00e1s\u00e1nak c\u00edme: H\u00e1ziorvosok \u00e9s id\u0151sell\u00e1t\u00e1s egy k\u00e9rd\u0151\u00edves kutat\u00e1s t\u00fckr\u00e9ben.<br \/>\nId\u0151pontja: <strong>2017. december 13-a, szerda, 8:30-10:00<\/strong>.<br \/>\nHelysz\u00edn: <strong>NET, XXI. Johann B\u00e9la terem<\/strong>.<br \/>\nAz el\u0151ad\u00e1son egy h\u00e1ziorvosokkal k\u00e9sz\u00fclt, online kutat\u00e1s eredm\u00e9nyei ker\u00fclnek ismertet\u00e9sre. Az online k\u00e9rd\u0151\u00edves kutat\u00e1s c\u00e9lja egyfel\u0151l az id\u0151sell\u00e1t\u00e1sban igen fontos r\u00e9szt v\u00e1llal\u00f3 h\u00e1ziorvosok id\u0151s betegeikkel, azok hozz\u00e1tartoz\u00f3ival, \u00e9s az id\u0151sgondoz\u00e1st v\u00e9gz\u0151 szoci\u00e1lis szakemberekkel val\u00f3 viszony\u00e1nak felm\u00e9r\u00e9se volt, m\u00e1sfel\u0151l inform\u00e1ci\u00f3gy\u0171jt\u00e9s az ell\u00e1t\u00f3rendszer orvosok \u00e1ltal tapasztalt hi\u00e1nyoss\u00e1gair\u00f3l, az id\u0151sell\u00e1t\u00e1s jav\u00edt\u00e1s\u00e1nak lehet\u0151s\u00e9geir\u0151l h\u00e1ziorvosi szemmel.<\/p>\n","protected":false},"excerpt":{"rendered":"<p>A decemberi tudom\u00e1nyos k\u00e1v\u00e9n el\u0151ad\u00f3nk Tr\u00f3bert Anett M\u00e1ria. El\u0151ad\u00e1s\u00e1nak c\u00edme: H\u00e1ziorvosok \u00e9s id\u0151sell\u00e1t\u00e1s egy k\u00e9rd\u0151\u00edves kutat\u00e1s t\u00fckr\u00e9ben. Id\u0151pontja: 2017. december 13-a, szerda, 8:30-10:00. Helysz\u00edn: NET, XXI. Johann B\u00e9la terem. Az el\u0151ad\u00e1son egy h\u00e1ziorvosokkal k\u00e9sz\u00fclt, online kutat\u00e1s eredm\u00e9nyei ker\u00fclnek ismertet\u00e9sre. Az online k\u00e9rd\u0151\u00edves kutat\u00e1s c\u00e9lja egyfel\u0151l az id\u0151sell\u00e1t\u00e1sban igen fontos r\u00e9szt v\u00e1llal\u00f3 h\u00e1ziorvosok id\u0151s betegeikkel, azok &hellip;<\/p>\n","protected":false},"author":101265,"featured_media":621,"comment_status":"closed","ping_status":"closed","sticky":false,"template":"","format":"standard","meta":{"_acf_changed":false,"footnotes":""},"categories":[1],"tags":[],"class_list":["post-175","post","type-post","status-publish","format-standard","has-post-thumbnail","hentry","category-hirek"],"acf":[],"_links":{"self":[{"href":"https:\/\/semmelweis.hu\/mental\/wp-json\/wp\/v2\/posts\/175","targetHints":{"allow":["GET"]}}],"collection":[{"href":"https:\/\/semmelweis.hu\/mental\/wp-json\/wp\/v2\/posts"}],"about":[{"href":"https:\/\/semmelweis.hu\/mental\/wp-json\/wp\/v2\/types\/post"}],"author":[{"embeddable":true,"href":"https:\/\/semmelweis.hu\/mental\/wp-json\/wp\/v2\/users\/101265"}],"replies":[{"embeddable":true,"href":"https:\/\/semmelweis.hu\/mental\/wp-json\/wp\/v2\/comments?post=175"}],"version-history":[{"count":3,"href":"https:\/\/semmelweis.hu\/mental\/wp-json\/wp\/v2\/posts\/175\/revisions"}],"predecessor-version":[{"id":1961,"href":"https:\/\/semmelweis.hu\/mental\/wp-json\/wp\/v2\/posts\/175\/revisions\/1961"}],"wp:featuredmedia":[{"embeddable":true,"href":"https:\/\/semmelweis.hu\/mental\/wp-json\/wp\/v2\/media\/621"}],"wp:attachment":[{"href":"https:\/\/semmelweis.hu\/mental\/wp-json\/wp\/v2\/media?parent=175"}],"wp:term":[{"taxonomy":"category","embeddable":true,"href":"https:\/\/semmelweis.hu\/mental\/wp-json\/wp\/v2\/categories?post=175"},{"taxonomy":"post_tag","embeddable":true,"href":"https:\/\/semmelweis.hu\/mental\/wp-json\/wp\/v2\/tags?post=175"}],"curies":[{"name":"wp","href":"https:\/\/api.w.org\/{rel}","templated":true}]}}