{"id":174,"date":"2018-06-08T00:00:00","date_gmt":"2018-06-07T22:00:00","guid":{"rendered":"http:\/\/semmelweis.hu\/mental\/825-felveteli-szocialis-munka-2018-szeptembertol\/"},"modified":"2018-06-15T14:16:36","modified_gmt":"2018-06-15T12:16:36","slug":"felveteli-szocialis-munka-mesterkepzesre","status":"publish","type":"post","link":"https:\/\/semmelweis.hu\/mental\/2018\/06\/08\/felveteli-szocialis-munka-mesterkepzesre\/","title":{"rendered":"FELV\u00c9TELI SZOCI\u00c1LIS MUNKA MESTERK\u00c9PZ\u00c9SRE"},"content":{"rendered":"<p>A Ment\u00e1lhigi\u00e9n\u00e9 Int\u00e9zet 2018. szeptembert\u0151l ind\u00edtja Szoci\u00e1lis munka MA k\u00e9pz\u00e9s\u00e9t, amire 2017. december 22-t\u0151l lehet jelentkezni a www.felvi.hu \u2013n kereszt\u00fcl. A k\u00e9pz\u00e9sr\u0151l \u00e9s a felv\u00e9telir\u0151l tov\u00e1bbi inform\u00e1ci\u00f3 az <a href=\"https:\/\/semmelweis.hu\/mental\/mesterkepzesek\/szocialis-munka\/felvetel-a-kepzesre\/\">Int\u00e9zet honlapj\u00e1n<\/a>. <span style=\"color: #ff0000;\">Jelentkez\u00e9si hat\u00e1rid\u0151: 2018.febru\u00e1r 15.<\/span><\/p>\n","protected":false},"excerpt":{"rendered":"<p>A Ment\u00e1lhigi\u00e9n\u00e9 Int\u00e9zet 2018. szeptembert\u0151l ind\u00edtja Szoci\u00e1lis munka MA k\u00e9pz\u00e9s\u00e9t, amire 2017. december 22-t\u0151l lehet jelentkezni a www.felvi.hu \u2013n kereszt\u00fcl. A k\u00e9pz\u00e9sr\u0151l \u00e9s a felv\u00e9telir\u0151l tov\u00e1bbi inform\u00e1ci\u00f3 az <a href=\"https:\/\/semmelweis.hu\/mental\/mesterkepzesek\/szocialis-munka\/felvetel-a-kepzesre\/\">Int\u00e9zet honlapj\u00e1n<\/a>. Jelentkez\u00e9si hat\u00e1rid\u0151: 2018.febru\u00e1r 15.<\/p>\n","protected":false},"author":101265,"featured_media":600,"comment_status":"closed","ping_status":"closed","sticky":false,"template":"","format":"standard","meta":{"_acf_changed":false,"footnotes":""},"categories":[1],"tags":[],"class_list":["post-174","post","type-post","status-publish","format-standard","has-post-thumbnail","hentry","category-hirek"],"acf":[],"_links":{"self":[{"href":"https:\/\/semmelweis.hu\/mental\/wp-json\/wp\/v2\/posts\/174","targetHints":{"allow":["GET"]}}],"collection":[{"href":"https:\/\/semmelweis.hu\/mental\/wp-json\/wp\/v2\/posts"}],"about":[{"href":"https:\/\/semmelweis.hu\/mental\/wp-json\/wp\/v2\/types\/post"}],"author":[{"embeddable":true,"href":"https:\/\/semmelweis.hu\/mental\/wp-json\/wp\/v2\/users\/101265"}],"replies":[{"embeddable":true,"href":"https:\/\/semmelweis.hu\/mental\/wp-json\/wp\/v2\/comments?post=174"}],"version-history":[{"count":4,"href":"https:\/\/semmelweis.hu\/mental\/wp-json\/wp\/v2\/posts\/174\/revisions"}],"predecessor-version":[{"id":1957,"href":"https:\/\/semmelweis.hu\/mental\/wp-json\/wp\/v2\/posts\/174\/revisions\/1957"}],"wp:featuredmedia":[{"embeddable":true,"href":"https:\/\/semmelweis.hu\/mental\/wp-json\/wp\/v2\/media\/600"}],"wp:attachment":[{"href":"https:\/\/semmelweis.hu\/mental\/wp-json\/wp\/v2\/media?parent=174"}],"wp:term":[{"taxonomy":"category","embeddable":true,"href":"https:\/\/semmelweis.hu\/mental\/wp-json\/wp\/v2\/categories?post=174"},{"taxonomy":"post_tag","embeddable":true,"href":"https:\/\/semmelweis.hu\/mental\/wp-json\/wp\/v2\/tags?post=174"}],"curies":[{"name":"wp","href":"https:\/\/api.w.org\/{rel}","templated":true}]}}