{"id":173,"date":"2018-06-08T00:00:00","date_gmt":"2018-06-07T22:00:00","guid":{"rendered":"http:\/\/semmelweis.hu\/mental\/819-polanyi-dij\/"},"modified":"2018-06-15T14:14:16","modified_gmt":"2018-06-15T12:14:16","slug":"polanyi-dij","status":"publish","type":"post","link":"https:\/\/semmelweis.hu\/mental\/2018\/06\/08\/polanyi-dij\/","title":{"rendered":"POL\u00c1NYI D\u00cdJ"},"content":{"rendered":"<p>2017. okt\u00f3ber 24-\u00e9n Int\u00e9zetigazgat\u00f3nk, D\u00e1vid Be\u00e1ta Pol\u00e1nyi d\u00edjban r\u00e9szes\u00fclt. A d\u00edjat a Magyar\u00a0Szociol\u00f3giai T\u00e1rsas\u00e1g megosztva D\u00e1vid Be\u00e1t\u00e1nak \u00e9s szerz\u0151t\u00e1rsainak, Huszti \u00c9v\u00e1nak, Barna Ildik\u00f3nak \u00e9s Yang-chih Fu-nak\u00a0\u00edt\u00e9lte az idei Pol\u00e1nyi-d\u00edjat a Social Networks foly\u00f3iratban megjelent<br \/>\n&#8222;Egocentric contact networks in comparison: Taiwan and Hungary&#8221; c\u00edm\u0171 cikk\u00fck\u00e9rt.<\/p>\n<p>Huszti \u00c9va \u00edgy foglalta \u00f6ssze a tanulm\u00e1nyt: \u201eA\u00a0 szerz\u0151k tanulm\u00e1nyukban az egy\u00e9ni kapcsolath\u00e1l\u00f3zat kiterjed\u00e9s\u00e9t \u00e9s strukt\u00far\u00e1j\u00e1t vizsg\u00e1lj\u00e1k kapcsolati napl\u00f3 m\u00f3dszerrel Taiwanban \u00e9s Magyarorsz\u00e1gon. Az \u00f6sszehasonl\u00edt\u00e1st a k\u00e9t orsz\u00e1gban alkalmazott egyhetes kapcsolati napl\u00f3, tov\u00e1bb\u00e1 az a t\u00f6rt\u00e9nelmi t\u00e9ny biztos\u00edtotta, hogy mindk\u00e9t helyen demokratikus \u00e1tmenet t\u00f6rt\u00e9nt a kor\u00e1bbi autoriter rezsimb\u0151l. Haz\u00e1nkban 138 kapcsolati napl\u00f3, m\u00edg Taiwanon 51 napl\u00f3 \u00e1llt rendelkez\u00e9sre az egocentrikus kapcsolath\u00e1l\u00f3zat elemz\u00e9s\u00e9hez.<\/p>\n<p>Az eredm\u00e9nyek azt mutatt\u00e1k, hogy egy h\u00e9t alatt a taiwani megk\u00e9rdezettek j\u00f3val kiterjedtebb kapcsolath\u00e1l\u00f3zatr\u00f3l sz\u00e1moltak be. Ez a k\u00fcl\u00f6nbs\u00e9g akkor is megmaradt, ha a k\u00fcl\u00f6nb\u00f6z\u0151 szociodemogr\u00e1fiai h\u00e1tt\u00e9rv\u00e1ltoz\u00f3kat kontroll alatt tartott\u00e1k.<\/p>\n<p>A k\u00e9t orsz\u00e1g kapcsolath\u00e1l\u00f3zati \u00f6sszehasonl\u00edt\u00f3 elemz\u00e9se mellett a szerz\u0151k a granovetteri elm\u00e9let alapj\u00e1n (Granovetter, 1973) egy \u00faj m\u00e9r\u0151sz\u00e1mot, az \u00fan. kapcsolat er\u0151ss\u00e9g\u00e9t m\u00e9r\u0151 indexet (Strenght of Ties \u2013 SoT) is l\u00e9trehozt\u00e1k.\u201d<\/p>\n","protected":false},"excerpt":{"rendered":"<p>2017. okt\u00f3ber 24-\u00e9n Int\u00e9zetigazgat\u00f3nk, D\u00e1vid Be\u00e1ta Pol\u00e1nyi d\u00edjban r\u00e9szes\u00fclt. A d\u00edjat a Magyar\u00a0Szociol\u00f3giai T\u00e1rsas\u00e1g megosztva D\u00e1vid Be\u00e1t\u00e1nak \u00e9s szerz\u0151t\u00e1rsainak, Huszti \u00c9v\u00e1nak, Barna Ildik\u00f3nak \u00e9s Yang-chih Fu-nak\u00a0\u00edt\u00e9lte az idei Pol\u00e1nyi-d\u00edjat a Social Networks foly\u00f3iratban megjelent &#8222;Egocentric contact networks in comparison: Taiwan and Hungary&#8221; c\u00edm\u0171 cikk\u00fck\u00e9rt. Huszti \u00c9va \u00edgy foglalta \u00f6ssze a tanulm\u00e1nyt: \u201eA\u00a0 szerz\u0151k tanulm\u00e1nyukban az &hellip;<\/p>\n","protected":false},"author":101265,"featured_media":558,"comment_status":"closed","ping_status":"closed","sticky":false,"template":"","format":"standard","meta":{"_acf_changed":false,"footnotes":""},"categories":[1],"tags":[],"class_list":["post-173","post","type-post","status-publish","format-standard","has-post-thumbnail","hentry","category-hirek"],"acf":[],"_links":{"self":[{"href":"https:\/\/semmelweis.hu\/mental\/wp-json\/wp\/v2\/posts\/173","targetHints":{"allow":["GET"]}}],"collection":[{"href":"https:\/\/semmelweis.hu\/mental\/wp-json\/wp\/v2\/posts"}],"about":[{"href":"https:\/\/semmelweis.hu\/mental\/wp-json\/wp\/v2\/types\/post"}],"author":[{"embeddable":true,"href":"https:\/\/semmelweis.hu\/mental\/wp-json\/wp\/v2\/users\/101265"}],"replies":[{"embeddable":true,"href":"https:\/\/semmelweis.hu\/mental\/wp-json\/wp\/v2\/comments?post=173"}],"version-history":[{"count":3,"href":"https:\/\/semmelweis.hu\/mental\/wp-json\/wp\/v2\/posts\/173\/revisions"}],"predecessor-version":[{"id":1955,"href":"https:\/\/semmelweis.hu\/mental\/wp-json\/wp\/v2\/posts\/173\/revisions\/1955"}],"wp:featuredmedia":[{"embeddable":true,"href":"https:\/\/semmelweis.hu\/mental\/wp-json\/wp\/v2\/media\/558"}],"wp:attachment":[{"href":"https:\/\/semmelweis.hu\/mental\/wp-json\/wp\/v2\/media?parent=173"}],"wp:term":[{"taxonomy":"category","embeddable":true,"href":"https:\/\/semmelweis.hu\/mental\/wp-json\/wp\/v2\/categories?post=173"},{"taxonomy":"post_tag","embeddable":true,"href":"https:\/\/semmelweis.hu\/mental\/wp-json\/wp\/v2\/tags?post=173"}],"curies":[{"name":"wp","href":"https:\/\/api.w.org\/{rel}","templated":true}]}}