{"id":172,"date":"2018-06-08T00:00:00","date_gmt":"2018-06-07T22:00:00","guid":{"rendered":"http:\/\/semmelweis.hu\/mental\/821-efp-alapkepzes-2018-marc\/"},"modified":"2018-06-19T13:19:45","modified_gmt":"2018-06-19T11:19:45","slug":"efp-alapkepzes-2018-marc","status":"publish","type":"post","link":"https:\/\/semmelweis.hu\/mental\/2018\/06\/08\/efp-alapkepzes-2018-marc\/","title":{"rendered":"\u00c9RZELMEKRE F\u00d3KUSZ\u00c1L\u00d3 P\u00c1RTER\u00c1PI\u00c1S ALAPK\u00c9PZ\u00c9S"},"content":{"rendered":"<p>\u00c9rzelmekre F\u00f3kusz\u00e1l\u00f3 P\u00e1rter\u00e1pi\u00e1s alapk\u00e9pz\u00e9s ker\u00fcl megrendez\u00e9sre 2018. m\u00e1rcius 21-24 k\u00f6z\u00f6tt az a Semmelweis Egyetem, EKK, Ment\u00e1lhigi\u00e9n\u00e9 Int\u00e9zet \u00e9s az Antropos Ment\u00e1lhygi\u00e9n\u00e9s Egyes\u00fclet szervez\u00e9s\u00e9ben, az \u00c9rzelmekre F\u00f3kusz\u00e1l\u00f3 Csal\u00e1d- \u00e9s P\u00e1rter\u00e1pi\u00e1s Alap\u00edtv\u00e1ny szakmai k\u00f6zrem\u0171k\u00f6d\u00e9s\u00e9vel.<br \/>\nMegh\u00edvott el\u0151ad\u00f3: Prof. Dr. Scott Woolley PhD egyetemi tan\u00e1r (Alliant International University, San Diego, California, USA).<br \/>\nHelysz\u00edn: Semmelweis Egyetem Nagyv\u00e1rad t\u00e9ri Elm\u00e9leti T\u00f6mb (NET) D\u00edszterme (Budapest VIII. ker. Nagyv\u00e1rad t\u00e9r 4.)<br \/>\nA program angol nyelven, magyar szinkrontolm\u00e1csol\u00e1ssal zajlik.<br \/>\nJelentkez\u00e9si \u0171rlap <a href=\"http:\/\/www.eft-parterapia.hu\">itt<\/a> tal\u00e1lhat\u00f3.<br \/>\nTov\u00e1bbi inform\u00e1ci\u00f3k a <a href=\"mailto:torok.szabolcs@public.semmelweis-univ.hu\">torok.szabolcs@public.semmelweis-univ.hu<\/a> E-mail c\u00edmen k\u00e9rhet\u0151k.<\/p>\n","protected":false},"excerpt":{"rendered":"<p>\u00c9rzelmekre F\u00f3kusz\u00e1l\u00f3 P\u00e1rter\u00e1pi\u00e1s alapk\u00e9pz\u00e9s ker\u00fcl megrendez\u00e9sre 2018. m\u00e1rcius 21-24 k\u00f6z\u00f6tt az a Semmelweis Egyetem, EKK, Ment\u00e1lhigi\u00e9n\u00e9 Int\u00e9zet \u00e9s az Antropos Ment\u00e1lhygi\u00e9n\u00e9s Egyes\u00fclet szervez\u00e9s\u00e9ben, az \u00c9rzelmekre F\u00f3kusz\u00e1l\u00f3 Csal\u00e1d- \u00e9s P\u00e1rter\u00e1pi\u00e1s Alap\u00edtv\u00e1ny szakmai k\u00f6zrem\u0171k\u00f6d\u00e9s\u00e9vel. Megh\u00edvott el\u0151ad\u00f3: Prof. Dr. Scott Woolley PhD egyetemi tan\u00e1r (Alliant International University, San Diego, California, USA). Helysz\u00edn: Semmelweis Egyetem Nagyv\u00e1rad t\u00e9ri Elm\u00e9leti T\u00f6mb &hellip;<\/p>\n","protected":false},"author":101265,"featured_media":443,"comment_status":"closed","ping_status":"closed","sticky":false,"template":"","format":"standard","meta":{"_acf_changed":false,"footnotes":""},"categories":[1],"tags":[],"class_list":["post-172","post","type-post","status-publish","format-standard","has-post-thumbnail","hentry","category-hirek"],"acf":[],"_links":{"self":[{"href":"https:\/\/semmelweis.hu\/mental\/wp-json\/wp\/v2\/posts\/172","targetHints":{"allow":["GET"]}}],"collection":[{"href":"https:\/\/semmelweis.hu\/mental\/wp-json\/wp\/v2\/posts"}],"about":[{"href":"https:\/\/semmelweis.hu\/mental\/wp-json\/wp\/v2\/types\/post"}],"author":[{"embeddable":true,"href":"https:\/\/semmelweis.hu\/mental\/wp-json\/wp\/v2\/users\/101265"}],"replies":[{"embeddable":true,"href":"https:\/\/semmelweis.hu\/mental\/wp-json\/wp\/v2\/comments?post=172"}],"version-history":[{"count":4,"href":"https:\/\/semmelweis.hu\/mental\/wp-json\/wp\/v2\/posts\/172\/revisions"}],"predecessor-version":[{"id":1954,"href":"https:\/\/semmelweis.hu\/mental\/wp-json\/wp\/v2\/posts\/172\/revisions\/1954"}],"wp:featuredmedia":[{"embeddable":true,"href":"https:\/\/semmelweis.hu\/mental\/wp-json\/wp\/v2\/media\/443"}],"wp:attachment":[{"href":"https:\/\/semmelweis.hu\/mental\/wp-json\/wp\/v2\/media?parent=172"}],"wp:term":[{"taxonomy":"category","embeddable":true,"href":"https:\/\/semmelweis.hu\/mental\/wp-json\/wp\/v2\/categories?post=172"},{"taxonomy":"post_tag","embeddable":true,"href":"https:\/\/semmelweis.hu\/mental\/wp-json\/wp\/v2\/tags?post=172"}],"curies":[{"name":"wp","href":"https:\/\/api.w.org\/{rel}","templated":true}]}}