{"id":171,"date":"2018-06-08T00:00:00","date_gmt":"2018-06-07T22:00:00","guid":{"rendered":"http:\/\/semmelweis.hu\/mental\/834-ladonyi-zsuzsanna-vedese\/"},"modified":"2018-06-15T14:03:00","modified_gmt":"2018-06-15T12:03:00","slug":"meghivo-ladonyi-zsuzsanna-doktori-vedesere","status":"publish","type":"post","link":"https:\/\/semmelweis.hu\/mental\/2018\/06\/08\/meghivo-ladonyi-zsuzsanna-doktori-vedesere\/","title":{"rendered":"MEGH\u00cdV\u00d3 L\u00c1DONYI ZSUZSANNA DOKTORI V\u00c9D\u00c9S\u00c9RE"},"content":{"rendered":"<p>Az ELTE T\u00e1rsadalomtudom\u00e1nyi Kara megh\u00edvja \u00d6nt munkat\u00e1rsunk, L\u00e1donyi Zsuzsanna &#8222;A migr\u00e1ci\u00f3 \u00e9s a lelki eg\u00e9szs\u00e9g k\u00f6z\u00f6tti \u00f6sszef\u00fcgg\u00e9sek vizsg\u00e1lata egy n\u00e9met tartom\u00e1ny magyarjaival k\u00e9sz\u00edtett interj\u00fak t\u00fckr\u00e9ben&#8221; c\u00edm\u0171 doktori disszert\u00e1ci\u00f3j\u00e1nak nyilv\u00e1nos v\u00e9d\u00e9s\u00e9re.<br \/>\nId\u0151pont: <strong>2018. janu\u00e1r 22. (h\u00e9tf\u0151) 10.00<\/strong><br \/>\nHelysz\u00edn: <strong>ELTE, T\u00e1rsadalomtudom\u00e1nyi Kar, P\u00e1zm\u00e1ny P\u00e9ter s\u00e9t\u00e1ny 1\/a., 0.100 C (a T\u00e1TK Kari Tan\u00e1csterme)<\/strong><\/p>\n<p>\u00cdrta: L\u00e1donyi Zsuzsanna<br \/>\nT\u00e9mavezet\u0151: Dr. Sik Endre, DSC<\/p>\n<p>A bizotts\u00e1g tagjai:<br \/>\nEln\u00f6k: Dr. Csoba Judit egyetemi tan\u00e1r (DE)<br \/>\nTitk\u00e1r: Dr. Simonovits Bori kutat\u00f3 (T\u00c1RKI)<\/p>\n<p>Tagok: Dr. Nguyen Luu Lan Anh egyetemi docens (PPK) (opponens)<br \/>\nDr. Kov\u00e1cs Eszter egyetemi adjunktus (SE) (opponens)<br \/>\nDr. Kov\u00e1cs Katalin tudom\u00e1nyos f\u0151munkat\u00e1rs (KSH)<\/p>\n<p>A disszert\u00e1ci\u00f3 megtekinthet\u0151:<br \/>\nELTE T\u00e1rsadalomtudom\u00e1nyi Kar, 1117 P\u00e1zm\u00e1ny P\u00e9ter s\u00e9t\u00e1ny 1\/a. 6.81A szoba Kucsera Katalin<\/p>\n","protected":false},"excerpt":{"rendered":"<p>Az ELTE T\u00e1rsadalomtudom\u00e1nyi Kara megh\u00edvja \u00d6nt munkat\u00e1rsunk, L\u00e1donyi Zsuzsanna &#8222;A migr\u00e1ci\u00f3 \u00e9s a lelki eg\u00e9szs\u00e9g k\u00f6z\u00f6tti \u00f6sszef\u00fcgg\u00e9sek vizsg\u00e1lata egy n\u00e9met tartom\u00e1ny magyarjaival k\u00e9sz\u00edtett interj\u00fak t\u00fckr\u00e9ben&#8221; c\u00edm\u0171 doktori disszert\u00e1ci\u00f3j\u00e1nak nyilv\u00e1nos v\u00e9d\u00e9s\u00e9re. Id\u0151pont: 2018. janu\u00e1r 22. (h\u00e9tf\u0151) 10.00 Helysz\u00edn: ELTE, T\u00e1rsadalomtudom\u00e1nyi Kar, P\u00e1zm\u00e1ny P\u00e9ter s\u00e9t\u00e1ny 1\/a., 0.100 C (a T\u00e1TK Kari Tan\u00e1csterme) \u00cdrta: L\u00e1donyi Zsuzsanna T\u00e9mavezet\u0151: Dr. &hellip;<\/p>\n","protected":false},"author":101265,"featured_media":556,"comment_status":"closed","ping_status":"closed","sticky":false,"template":"","format":"standard","meta":{"_acf_changed":false,"footnotes":""},"categories":[1],"tags":[],"class_list":["post-171","post","type-post","status-publish","format-standard","has-post-thumbnail","hentry","category-hirek"],"acf":[],"_links":{"self":[{"href":"https:\/\/semmelweis.hu\/mental\/wp-json\/wp\/v2\/posts\/171","targetHints":{"allow":["GET"]}}],"collection":[{"href":"https:\/\/semmelweis.hu\/mental\/wp-json\/wp\/v2\/posts"}],"about":[{"href":"https:\/\/semmelweis.hu\/mental\/wp-json\/wp\/v2\/types\/post"}],"author":[{"embeddable":true,"href":"https:\/\/semmelweis.hu\/mental\/wp-json\/wp\/v2\/users\/101265"}],"replies":[{"embeddable":true,"href":"https:\/\/semmelweis.hu\/mental\/wp-json\/wp\/v2\/comments?post=171"}],"version-history":[{"count":3,"href":"https:\/\/semmelweis.hu\/mental\/wp-json\/wp\/v2\/posts\/171\/revisions"}],"predecessor-version":[{"id":1952,"href":"https:\/\/semmelweis.hu\/mental\/wp-json\/wp\/v2\/posts\/171\/revisions\/1952"}],"wp:featuredmedia":[{"embeddable":true,"href":"https:\/\/semmelweis.hu\/mental\/wp-json\/wp\/v2\/media\/556"}],"wp:attachment":[{"href":"https:\/\/semmelweis.hu\/mental\/wp-json\/wp\/v2\/media?parent=171"}],"wp:term":[{"taxonomy":"category","embeddable":true,"href":"https:\/\/semmelweis.hu\/mental\/wp-json\/wp\/v2\/categories?post=171"},{"taxonomy":"post_tag","embeddable":true,"href":"https:\/\/semmelweis.hu\/mental\/wp-json\/wp\/v2\/tags?post=171"}],"curies":[{"name":"wp","href":"https:\/\/api.w.org\/{rel}","templated":true}]}}