{"id":169,"date":"2018-06-08T00:00:00","date_gmt":"2018-06-07T22:00:00","guid":{"rendered":"http:\/\/semmelweis.hu\/mental\/856-tudomanyos-kave-keller-tamas\/"},"modified":"2018-06-15T13:58:17","modified_gmt":"2018-06-15T11:58:17","slug":"856-tudomanyos-kave-keller-tamas","status":"publish","type":"post","link":"https:\/\/semmelweis.hu\/mental\/2018\/06\/08\/856-tudomanyos-kave-keller-tamas\/","title":{"rendered":"TUDOM\u00c1NYOS K\u00c1V\u00c9 &#8211; &#8222;DE IGEN, K\u00c9PES VAGY R\u00c1 IGEN!&#8221;"},"content":{"rendered":"<p>A Tudom\u00e1nyos K\u00e1v\u00e9nk soron k\u00f6vetkez\u0151 alkalm\u00e1ra Keller Tam\u00e1s, szociol\u00f3gus (MTA, T\u00c1RKI) l\u00e1togat el hozz\u00e1nk a &#8222;De igen, k\u00e9pes vagy r\u00e1 igen! A gimn\u00e1ziumba t\u00f6rt\u00e9n\u0151 jelentkez\u00e9s \u00f6szt\u00f6nz\u00e9se &#8211; egy h\u00e1l\u00f3zatalap\u00fa inform\u00e1ci\u00f3s terep-k\u00eds\u00e9rlet&#8221; c\u00edm\u0171 el\u0151ad\u00e1s\u00e1val, amit Tak\u00e1cs K\u00e1roly, \u00e9s Felix Elwert koll\u00e9g\u00e1ival egy\u00fctt k\u00e9sz\u00edtett.<br \/>\n<strong>Id\u0151pont: M\u00e1rcius 28.-\u00e1n 8:30-t\u00f3l 10:00-ig <\/strong><br \/>\n<strong>Helysz\u00edn: NET Fsz 81-ben<\/strong><br \/>\nSzeretettel v\u00e1runk Mindenkit!<\/p>\n","protected":false},"excerpt":{"rendered":"<p>A Tudom\u00e1nyos K\u00e1v\u00e9nk soron k\u00f6vetkez\u0151 alkalm\u00e1ra Keller Tam\u00e1s, szociol\u00f3gus (MTA, T\u00c1RKI) l\u00e1togat el hozz\u00e1nk a &#8222;De igen, k\u00e9pes vagy r\u00e1 igen! A gimn\u00e1ziumba t\u00f6rt\u00e9n\u0151 jelentkez\u00e9s \u00f6szt\u00f6nz\u00e9se &#8211; egy h\u00e1l\u00f3zatalap\u00fa inform\u00e1ci\u00f3s terep-k\u00eds\u00e9rlet&#8221; c\u00edm\u0171 el\u0151ad\u00e1s\u00e1val, amit Tak\u00e1cs K\u00e1roly, \u00e9s Felix Elwert koll\u00e9g\u00e1ival egy\u00fctt k\u00e9sz\u00edtett.<br \/>\nId\u0151pont: M\u00e1rcius 28.-\u00e1n 8:30-t\u00f3l 10:00-ig<br \/>\nHelysz\u00edn: NET Fsz 81-ben<br \/>\nSzeretettel v\u00e1runk Mindenkit!<\/p>\n","protected":false},"author":101265,"featured_media":489,"comment_status":"closed","ping_status":"closed","sticky":false,"template":"","format":"standard","meta":{"_acf_changed":false,"footnotes":""},"categories":[1],"tags":[],"class_list":["post-169","post","type-post","status-publish","format-standard","has-post-thumbnail","hentry","category-hirek"],"acf":[],"_links":{"self":[{"href":"https:\/\/semmelweis.hu\/mental\/wp-json\/wp\/v2\/posts\/169","targetHints":{"allow":["GET"]}}],"collection":[{"href":"https:\/\/semmelweis.hu\/mental\/wp-json\/wp\/v2\/posts"}],"about":[{"href":"https:\/\/semmelweis.hu\/mental\/wp-json\/wp\/v2\/types\/post"}],"author":[{"embeddable":true,"href":"https:\/\/semmelweis.hu\/mental\/wp-json\/wp\/v2\/users\/101265"}],"replies":[{"embeddable":true,"href":"https:\/\/semmelweis.hu\/mental\/wp-json\/wp\/v2\/comments?post=169"}],"version-history":[{"count":3,"href":"https:\/\/semmelweis.hu\/mental\/wp-json\/wp\/v2\/posts\/169\/revisions"}],"predecessor-version":[{"id":1946,"href":"https:\/\/semmelweis.hu\/mental\/wp-json\/wp\/v2\/posts\/169\/revisions\/1946"}],"wp:featuredmedia":[{"embeddable":true,"href":"https:\/\/semmelweis.hu\/mental\/wp-json\/wp\/v2\/media\/489"}],"wp:attachment":[{"href":"https:\/\/semmelweis.hu\/mental\/wp-json\/wp\/v2\/media?parent=169"}],"wp:term":[{"taxonomy":"category","embeddable":true,"href":"https:\/\/semmelweis.hu\/mental\/wp-json\/wp\/v2\/categories?post=169"},{"taxonomy":"post_tag","embeddable":true,"href":"https:\/\/semmelweis.hu\/mental\/wp-json\/wp\/v2\/tags?post=169"}],"curies":[{"name":"wp","href":"https:\/\/api.w.org\/{rel}","templated":true}]}}