{"id":167,"date":"2018-06-08T00:00:00","date_gmt":"2018-06-07T22:00:00","guid":{"rendered":"http:\/\/semmelweis.hu\/mental\/846-antropos-konferencia-2018\/"},"modified":"2018-06-15T13:57:03","modified_gmt":"2018-06-15T11:57:03","slug":"antropos-konferencia-2018","status":"publish","type":"post","link":"https:\/\/semmelweis.hu\/mental\/2018\/06\/08\/antropos-konferencia-2018\/","title":{"rendered":"ANTROPOS-KONFERENCIA 2018"},"content":{"rendered":"<p><strong>Kapcsolatban gy\u00f3gyulni &#8211;\u00a0K\u00f6t\u0151d\u00e9si mint\u00e1ink fejleszt\u00e9se<\/strong><br \/>\nSzeretn\u00e9m, hogyha szeretn\u00e9nek, \/ S lenn\u00e9k valaki\u00e9, \/ Lenn\u00e9k valaki\u00e9.&#8221; (Ady Endre)<\/p>\n<p>Konferencia az Antropos Ment\u00e1lhygi\u00e9n\u00e9s Egyes\u00fclet, a Magyar P\u00e1sztor\u00e1lpszichol\u00f3giai T\u00e1rsas\u00e1g \u00e9s a Semmelweis Egyetem Ment\u00e1lhigi\u00e9n\u00e9 Int\u00e9zete k\u00f6z\u00f6s rendez\u00e9s\u00e9ben<br \/>\n<strong>Helysz\u00edn:<\/strong> Patrona Hungariae Katolikus Iskolak\u00f6zpont 1092 Budapest, Kn\u00e9zich u. 3-13.<br \/>\n<strong>Id\u0151pont:<\/strong> 2018. \u00e1prilis 7. szombat<br \/>\nA jelentkez\u00e9s a r\u00e9szv\u00e9teli d\u00edj befizet\u00e9s\u00e9vel v\u00e1lik \u00e9rv\u00e9nyess\u00e9. <strong>Jelentkez\u00e9s<\/strong> <a href=\"http:\/\/antroposegyesulet.hu\/jelentkezes-konferenciara\">itt<\/a>.<\/p>\n<p>A konferenci\u00e1n maxim\u00e1lisan 200 f\u0151t tudunk fogadni, a jelentkez\u00e9seket a befizet\u00e9sek be\u00e9rkez\u00e9s\u00e9nek sorrendj\u00e9ben r\u00f6gz\u00edtj\u00fck. A jelentkez\u00e9sekkel kapcsolatban felmer\u00fclt k\u00e9rd\u00e9seket az\u00a0<a href=\"mailto:erzsebet.vajko@gmail.com\">erzsebet.vajko@gmail.com<\/a>\u00a0email c\u00edmre k\u00fcldhetik.<br \/>\nR\u00e9szv\u00e9teli d\u00edj:\u00a02.500 Ft (eb\u00e9d ig\u00e9nyl\u00e9se eset\u00e9n 3.500 Ft). A r\u00e9szv\u00e9teli d\u00edj befizethet\u0151 postai csekk \u00fatj\u00e1n vagy banki \u00e1tutal\u00e1son kereszt\u00fcl, az Antropos Ment\u00e1lhygi\u00e9n\u00e9s Egyes\u00fclet 11786001-20170291 OTP sz\u00e1mlasz\u00e1m\u00e1ra. A csekken t\u00f6rt\u00e9n\u0151 befizet\u00e9st v\u00e1laszt\u00f3knak postai csekket k\u00fcld\u00fcnk.<\/p>\n","protected":false},"excerpt":{"rendered":"<p>Kapcsolatban gy\u00f3gyulni &#8211;\u00a0K\u00f6t\u0151d\u00e9si mint\u00e1ink fejleszt\u00e9se Szeretn\u00e9m, hogyha szeretn\u00e9nek, \/ S lenn\u00e9k valaki\u00e9, \/ Lenn\u00e9k valaki\u00e9.&#8221; (Ady Endre) Konferencia az Antropos Ment\u00e1lhygi\u00e9n\u00e9s Egyes\u00fclet, a Magyar P\u00e1sztor\u00e1lpszichol\u00f3giai T\u00e1rsas\u00e1g \u00e9s a Semmelweis Egyetem Ment\u00e1lhigi\u00e9n\u00e9 Int\u00e9zete k\u00f6z\u00f6s rendez\u00e9s\u00e9ben Helysz\u00edn: Patrona Hungariae Katolikus Iskolak\u00f6zpont 1092 Budapest, Kn\u00e9zich u. 3-13. Id\u0151pont: 2018. \u00e1prilis 7. szombat A jelentkez\u00e9s a r\u00e9szv\u00e9teli d\u00edj befizet\u00e9s\u00e9vel &hellip;<\/p>\n","protected":false},"author":101265,"featured_media":405,"comment_status":"closed","ping_status":"closed","sticky":false,"template":"","format":"standard","meta":{"_acf_changed":false,"footnotes":""},"categories":[1],"tags":[],"class_list":["post-167","post","type-post","status-publish","format-standard","has-post-thumbnail","hentry","category-hirek"],"acf":[],"_links":{"self":[{"href":"https:\/\/semmelweis.hu\/mental\/wp-json\/wp\/v2\/posts\/167","targetHints":{"allow":["GET"]}}],"collection":[{"href":"https:\/\/semmelweis.hu\/mental\/wp-json\/wp\/v2\/posts"}],"about":[{"href":"https:\/\/semmelweis.hu\/mental\/wp-json\/wp\/v2\/types\/post"}],"author":[{"embeddable":true,"href":"https:\/\/semmelweis.hu\/mental\/wp-json\/wp\/v2\/users\/101265"}],"replies":[{"embeddable":true,"href":"https:\/\/semmelweis.hu\/mental\/wp-json\/wp\/v2\/comments?post=167"}],"version-history":[{"count":4,"href":"https:\/\/semmelweis.hu\/mental\/wp-json\/wp\/v2\/posts\/167\/revisions"}],"predecessor-version":[{"id":1945,"href":"https:\/\/semmelweis.hu\/mental\/wp-json\/wp\/v2\/posts\/167\/revisions\/1945"}],"wp:featuredmedia":[{"embeddable":true,"href":"https:\/\/semmelweis.hu\/mental\/wp-json\/wp\/v2\/media\/405"}],"wp:attachment":[{"href":"https:\/\/semmelweis.hu\/mental\/wp-json\/wp\/v2\/media?parent=167"}],"wp:term":[{"taxonomy":"category","embeddable":true,"href":"https:\/\/semmelweis.hu\/mental\/wp-json\/wp\/v2\/categories?post=167"},{"taxonomy":"post_tag","embeddable":true,"href":"https:\/\/semmelweis.hu\/mental\/wp-json\/wp\/v2\/tags?post=167"}],"curies":[{"name":"wp","href":"https:\/\/api.w.org\/{rel}","templated":true}]}}